{"id":1001,"date":"2019-09-24T08:36:39","date_gmt":"2019-09-24T07:36:39","guid":{"rendered":"http:\/\/pomme-d-amap.org\/?p=1001"},"modified":"2019-09-24T08:36:39","modified_gmt":"2019-09-24T07:36:39","slug":"distribution-du-24-09-19","status":"publish","type":"post","link":"https:\/\/pomme-d-amap.org\/index.php\/2019\/09\/24\/distribution-du-24-09-19\/","title":{"rendered":"Distribution du 24\/09\/19"},"content":{"rendered":"\n<p>Salut \u00e0 tous,<br>Les premi\u00e8res gouttes de pluie de  l&rsquo;automne ont fait du bien, m\u00eame si cela reste extr\u00eamement modeste et  permis aux cultures de reprendre quelques couleurs ! Je vous rassure,  pour les motiv\u00e9s des patates, pas d&rsquo;annulation pr\u00e9vue ! Je sens que vous  \u00eates inquiets&#8230; A chaque jour suffit sa peine&#8230; Nous avons  commenc\u00e9 les plantations d&rsquo;automne en serre avec une premi\u00e8re s\u00e9rie de  m\u00e2che, des laitues , des fenouils et des blettes et continuons le  changement de saison (arrachage des melons, compost et travail du sol  sur les pommes de terre r\u00e9colt\u00e9es&#8230;), r\u00e9colt\u00e9 des oignons (sale  ann\u00e9e&#8230;) et continu\u00e9 les r\u00e9coltes d&rsquo;\u00e9t\u00e9 qui continuent leur d\u00e9clin  (p\u00e2tissons out, oh mince alors&#8230;). Pour samedi, d\u00e9but des hostilit\u00e9s \u00e0  10 h !! Voici votre panier :<br>&#8211; Tomates 2 kg \/ 1 kg<\/p>\n\n\n\n<p>&#8211; Carottes 1 kg \/ 500 g<\/p>\n\n\n\n<p>&#8211; Poivrons (\u00e0 compter)<\/p>\n\n\n\n<p>&#8211; Concombres (\u00e0 compter)<\/p>\n\n\n\n<p>&#8211; Courgettes (\u00e0 compter)<\/p>\n\n\n\n<p>&#8211; Choux chinois Pak-Cho\u00ef 2\/1<\/p>\n\n\n\n<p>&#8211; Laitues 1\/1<\/p>\n\n\n\n<p>&#8211; Basilic <\/p>\n\n\n\n<p>Voil\u00e0, bonne journ\u00e9e et \u00e0 ce soir !<br>Marc<\/p>\n","protected":false},"excerpt":{"rendered":"<p>Salut \u00e0 tous,Les premi\u00e8res gouttes de pluie de l&rsquo;automne ont fait du bien, m\u00eame si cela reste extr\u00eamement modeste et permis aux cultures de reprendre quelques couleurs ! Je vous rassure, pour les motiv\u00e9s des patates, pas d&rsquo;annulation pr\u00e9vue ! Je sens que vous \u00eates inquiets&#8230; A chaque jour suffit sa peine&#8230; Nous avons commenc\u00e9 &hellip; <a href=\"https:\/\/pomme-d-amap.org\/index.php\/2019\/09\/24\/distribution-du-24-09-19\/\" class=\"more-link\">Continuer la lecture de <span class=\"screen-reader-text\">Distribution du 24\/09\/19<\/span>  <span class=\"meta-nav\">&rarr;<\/span><\/a><\/p>\n","protected":false},"author":1,"featured_media":0,"comment_status":"closed","ping_status":"closed","sticky":false,"template":"","format":"standard","meta":{"footnotes":""},"categories":[11],"tags":[],"class_list":["post-1001","post","type-post","status-publish","format-standard","hentry","category-distributions"],"_links":{"self":[{"href":"https:\/\/pomme-d-amap.org\/index.php\/wp-json\/wp\/v2\/posts\/1001","targetHints":{"allow":["GET"]}}],"collection":[{"href":"https:\/\/pomme-d-amap.org\/index.php\/wp-json\/wp\/v2\/posts"}],"about":[{"href":"https:\/\/pomme-d-amap.org\/index.php\/wp-json\/wp\/v2\/types\/post"}],"author":[{"embeddable":true,"href":"https:\/\/pomme-d-amap.org\/index.php\/wp-json\/wp\/v2\/users\/1"}],"replies":[{"embeddable":true,"href":"https:\/\/pomme-d-amap.org\/index.php\/wp-json\/wp\/v2\/comments?post=1001"}],"version-history":[{"count":1,"href":"https:\/\/pomme-d-amap.org\/index.php\/wp-json\/wp\/v2\/posts\/1001\/revisions"}],"predecessor-version":[{"id":1002,"href":"https:\/\/pomme-d-amap.org\/index.php\/wp-json\/wp\/v2\/posts\/1001\/revisions\/1002"}],"wp:attachment":[{"href":"https:\/\/pomme-d-amap.org\/index.php\/wp-json\/wp\/v2\/media?parent=1001"}],"wp:term":[{"taxonomy":"category","embeddable":true,"href":"https:\/\/pomme-d-amap.org\/index.php\/wp-json\/wp\/v2\/categories?post=1001"},{"taxonomy":"post_tag","embeddable":true,"href":"https:\/\/pomme-d-amap.org\/index.php\/wp-json\/wp\/v2\/tags?post=1001"}],"curies":[{"name":"wp","href":"https:\/\/api.w.org\/{rel}","templated":true}]}}