{"id":1003,"date":"2019-10-01T08:31:36","date_gmt":"2019-10-01T07:31:36","guid":{"rendered":"http:\/\/pomme-d-amap.org\/?p=1003"},"modified":"2019-10-01T08:31:36","modified_gmt":"2019-10-01T07:31:36","slug":"distribution-du-1-10-19","status":"publish","type":"post","link":"https:\/\/pomme-d-amap.org\/index.php\/2019\/10\/01\/distribution-du-1-10-19\/","title":{"rendered":"Distribution du 1\/10\/19"},"content":{"rendered":"\n<p>Salut \u00e0 tous,<br>\u00c7a y est ! Toutes les pommes de terre  sont rentr\u00e9es au frigo apr\u00e8s cette deuxi\u00e8me session presque sous le  soleil&#8230; On atteint quasiment les 6 tonnes en tout, ce qui est tr\u00e8s bien  m\u00eame si ce qui domine est surtout une forme de d\u00e9ception li\u00e9e \u00e0 la  derni\u00e8re vari\u00e9t\u00e9 atteinte par le mildiou et sur laquelle nous avons de  grosses pertes, sans quoi nous aurions fait une ann\u00e9e  exceptionnelle&#8230;Bon, on va s&rsquo;en contenter ! Pour le reste, les  plantations d&rsquo;automne en serre ont commenc\u00e9 sur un bon rythme : blettes,  roquette, \u00e9pinards, m\u00e2che, laitue, persil&#8230; et nous continuons la  transition entre les deux saisons. Maintenant que les patates sont  finies, place aux carottes! Les deux premiers (et j&rsquo;esp\u00e8re derniers&#8230;)  chantiers auront lieu <strong>les samedi 19 et 26 octobre.<\/strong> Un petit Framadate par Marie pour se compter et c&rsquo;est parti ! Pour le reste des l\u00e9gumes de stocks, les betteraves et  les c\u00e9leris sont bien partis, les courges seront au rendrez-vous, les  poireaux aussi m\u00eame s&rsquo;ils sont globalement petits,les oignons, vous le  savez d\u00e9j\u00e0, ont trop subi la stagnation d&rsquo;eau et les adventices pour  \u00eatre une valeur s\u00fbre de l&rsquo;hiver, une inqui\u00e9tude sur les navets et les  radis raves qui stagnent sans raison particuli\u00e8re, en tout cas pas  ma\u00eetris\u00e9e&#8230; nous allons essayer de les chouchouter dans les jours qui  viennent&#8230; En attendant place aux paniers de transition, les l\u00e9gumes  d&rsquo;\u00e9t\u00e9 \u00e9tant en train de rendre les armes ! Voici celui du jour :<br>&#8211; Tomates (\u00e0 peser)<\/p>\n\n\n\n<p>&#8211; Pommes de terre 1,5 kg \/ 750 g<\/p>\n\n\n\n<p>&#8211; Oignons rouge 400 g \/ 200 g<\/p>\n\n\n\n<p>&#8211; Blettes (selon r\u00e9colte)<\/p>\n\n\n\n<p>&#8211; Choux rave ou pak cho\u00ef 1\/1<\/p>\n\n\n\n<p>&#8211; Aubergines ou poivrons ou courgettes selon r\u00e9partition<\/p>\n\n\n\n<p>&#8211; Sarriette ou menthe<\/p>\n\n\n\n<p>&#8211; Piments 2\/1<\/p>\n\n\n\n<p>Voil\u00e0, bonne journ\u00e9e et \u00e0 ce soir !<br>Marc<\/p>\n","protected":false},"excerpt":{"rendered":"<p>Salut \u00e0 tous,\u00c7a y est ! Toutes les pommes de terre sont rentr\u00e9es au frigo apr\u00e8s cette deuxi\u00e8me session presque sous le soleil&#8230; On atteint quasiment les 6 tonnes en tout, ce qui est tr\u00e8s bien m\u00eame si ce qui domine est surtout une forme de d\u00e9ception li\u00e9e \u00e0 la derni\u00e8re vari\u00e9t\u00e9 atteinte par le &hellip; <a href=\"https:\/\/pomme-d-amap.org\/index.php\/2019\/10\/01\/distribution-du-1-10-19\/\" class=\"more-link\">Continuer la lecture de <span class=\"screen-reader-text\">Distribution du 1\/10\/19<\/span>  <span class=\"meta-nav\">&rarr;<\/span><\/a><\/p>\n","protected":false},"author":1,"featured_media":0,"comment_status":"closed","ping_status":"closed","sticky":false,"template":"","format":"standard","meta":{"footnotes":""},"categories":[11],"tags":[],"class_list":["post-1003","post","type-post","status-publish","format-standard","hentry","category-distributions"],"_links":{"self":[{"href":"https:\/\/pomme-d-amap.org\/index.php\/wp-json\/wp\/v2\/posts\/1003","targetHints":{"allow":["GET"]}}],"collection":[{"href":"https:\/\/pomme-d-amap.org\/index.php\/wp-json\/wp\/v2\/posts"}],"about":[{"href":"https:\/\/pomme-d-amap.org\/index.php\/wp-json\/wp\/v2\/types\/post"}],"author":[{"embeddable":true,"href":"https:\/\/pomme-d-amap.org\/index.php\/wp-json\/wp\/v2\/users\/1"}],"replies":[{"embeddable":true,"href":"https:\/\/pomme-d-amap.org\/index.php\/wp-json\/wp\/v2\/comments?post=1003"}],"version-history":[{"count":1,"href":"https:\/\/pomme-d-amap.org\/index.php\/wp-json\/wp\/v2\/posts\/1003\/revisions"}],"predecessor-version":[{"id":1004,"href":"https:\/\/pomme-d-amap.org\/index.php\/wp-json\/wp\/v2\/posts\/1003\/revisions\/1004"}],"wp:attachment":[{"href":"https:\/\/pomme-d-amap.org\/index.php\/wp-json\/wp\/v2\/media?parent=1003"}],"wp:term":[{"taxonomy":"category","embeddable":true,"href":"https:\/\/pomme-d-amap.org\/index.php\/wp-json\/wp\/v2\/categories?post=1003"},{"taxonomy":"post_tag","embeddable":true,"href":"https:\/\/pomme-d-amap.org\/index.php\/wp-json\/wp\/v2\/tags?post=1003"}],"curies":[{"name":"wp","href":"https:\/\/api.w.org\/{rel}","templated":true}]}}