{"id":1006,"date":"2019-10-08T09:36:54","date_gmt":"2019-10-08T08:36:54","guid":{"rendered":"http:\/\/pomme-d-amap.org\/?p=1006"},"modified":"2019-10-08T09:36:54","modified_gmt":"2019-10-08T08:36:54","slug":"distribution-du-8-10-19","status":"publish","type":"post","link":"https:\/\/pomme-d-amap.org\/index.php\/2019\/10\/08\/distribution-du-8-10-19\/","title":{"rendered":"Distribution du 8\/10\/19"},"content":{"rendered":"\n<p>Salut \u00e0 tous,<br>L&rsquo;ambiance  est d\u00e9sormais d\u00e9finitivement automnale m\u00eame si la soleil tente de temps  en temps quelques perc\u00e9es qui nous rappellent que ce n&rsquo;est pas encore  l&rsquo;heure des grands froids. Les l\u00e9gumes d&rsquo;\u00e9t\u00e9, eux, font d\u00e9finitivement  la tronche ! P\u00e2tissons et courgettes et concombres ont rendu l&rsquo;\u00e2me, \u00e0  part quelques exceptions qui veulent absolument \u00eatre mang\u00e9es. Les  poivrons r\u00e9sistent tant bien que mal et les tomates brillent de leurs  derniers feux (deux semaines, encore?)&#8230; On continue \u00e0 pr\u00e9parer le sol  sous abri pour la suite des plantations d&rsquo;automne, nous avons pu  redessiner les planches de la parcelle de pommes de terre et y semer un  engrais vert seigle \/ vesce pour l&rsquo;hiver, r\u00e9colter l&rsquo;ensemble des  oignons (il se confirme que, comme pr\u00e9vu, c&rsquo;est une petite ann\u00e9e mais  nous ferons avec!) et nettoyer la chambre \u00e0 courge pour y accueillir la  cuv\u00e9e 2019. Il n&rsquo;y a pas beaucoup d&rsquo;inscrits pour les chantiers carottes des 19 et 26 octobre, je vous mets en <a rel=\"noreferrer noopener\" href=\"https:\/\/framadate.org\/dxm2bVygXj7SRE9J\" target=\"_blank\">lien <\/a>le framadate de Marie pour ceux qui auraient oubli\u00e9 ! Voici votre panier :<br>&#8211; Tomates 1,2 kg environ \/ 600 g<\/p>\n\n\n\n<p>&#8211; Pommes de terre 1,5 kg \/ 750 g + 500 g \/ 250 g ab\u00eem\u00e9es<\/p>\n\n\n\n<p>&#8211; Carottes 1 kg \/ 500 g<\/p>\n\n\n\n<p>&#8211; Chicor\u00e9e fris\u00e9e ou scarole 1 \/ 1\/2<\/p>\n\n\n\n<p>&#8211; C\u00e9leri branche 1 \/ 1\/2<\/p>\n\n\n\n<p>&#8211; Ail 2\/1<\/p>\n\n\n\n<p>&#8211; Romarin 1\/1<\/p>\n\n\n\n<p>+ 1 l\u00e9gume d&rsquo;\u00e9t\u00e9 \u00e0 trier et r\u00e9partir<\/p>\n\n\n\n<p>Voil\u00e0, bonne journ\u00e9e et \u00e0 ce soir !<br>Marc<\/p>\n","protected":false},"excerpt":{"rendered":"<p>Salut \u00e0 tous,L&rsquo;ambiance est d\u00e9sormais d\u00e9finitivement automnale m\u00eame si la soleil tente de temps en temps quelques perc\u00e9es qui nous rappellent que ce n&rsquo;est pas encore l&rsquo;heure des grands froids. Les l\u00e9gumes d&rsquo;\u00e9t\u00e9, eux, font d\u00e9finitivement la tronche ! P\u00e2tissons et courgettes et concombres ont rendu l&rsquo;\u00e2me, \u00e0 part quelques exceptions qui veulent absolument \u00eatre &hellip; <a href=\"https:\/\/pomme-d-amap.org\/index.php\/2019\/10\/08\/distribution-du-8-10-19\/\" class=\"more-link\">Continuer la lecture de <span class=\"screen-reader-text\">Distribution du 8\/10\/19<\/span>  <span class=\"meta-nav\">&rarr;<\/span><\/a><\/p>\n","protected":false},"author":1,"featured_media":0,"comment_status":"closed","ping_status":"closed","sticky":false,"template":"","format":"standard","meta":{"footnotes":""},"categories":[11],"tags":[],"class_list":["post-1006","post","type-post","status-publish","format-standard","hentry","category-distributions"],"_links":{"self":[{"href":"https:\/\/pomme-d-amap.org\/index.php\/wp-json\/wp\/v2\/posts\/1006","targetHints":{"allow":["GET"]}}],"collection":[{"href":"https:\/\/pomme-d-amap.org\/index.php\/wp-json\/wp\/v2\/posts"}],"about":[{"href":"https:\/\/pomme-d-amap.org\/index.php\/wp-json\/wp\/v2\/types\/post"}],"author":[{"embeddable":true,"href":"https:\/\/pomme-d-amap.org\/index.php\/wp-json\/wp\/v2\/users\/1"}],"replies":[{"embeddable":true,"href":"https:\/\/pomme-d-amap.org\/index.php\/wp-json\/wp\/v2\/comments?post=1006"}],"version-history":[{"count":1,"href":"https:\/\/pomme-d-amap.org\/index.php\/wp-json\/wp\/v2\/posts\/1006\/revisions"}],"predecessor-version":[{"id":1007,"href":"https:\/\/pomme-d-amap.org\/index.php\/wp-json\/wp\/v2\/posts\/1006\/revisions\/1007"}],"wp:attachment":[{"href":"https:\/\/pomme-d-amap.org\/index.php\/wp-json\/wp\/v2\/media?parent=1006"}],"wp:term":[{"taxonomy":"category","embeddable":true,"href":"https:\/\/pomme-d-amap.org\/index.php\/wp-json\/wp\/v2\/categories?post=1006"},{"taxonomy":"post_tag","embeddable":true,"href":"https:\/\/pomme-d-amap.org\/index.php\/wp-json\/wp\/v2\/tags?post=1006"}],"curies":[{"name":"wp","href":"https:\/\/api.w.org\/{rel}","templated":true}]}}