{"id":1011,"date":"2019-10-22T10:19:44","date_gmt":"2019-10-22T09:19:44","guid":{"rendered":"http:\/\/pomme-d-amap.org\/?p=1011"},"modified":"2019-10-22T10:19:44","modified_gmt":"2019-10-22T09:19:44","slug":"distribution-du-22-10-19","status":"publish","type":"post","link":"https:\/\/pomme-d-amap.org\/index.php\/2019\/10\/22\/distribution-du-22-10-19\/","title":{"rendered":"Distribution du 22\/10\/19"},"content":{"rendered":"\n<p>Salut \u00e0 tous,<br>Bon,  ben, voil\u00e0, comme pr\u00e9vu, les carottes sont rest\u00e9es dans les champs  samedi, ce n\u2019\u00e9tait pas vraiment le jour ! Mais nous avons plus d&rsquo;un tour  dans notre sac et gr\u00e2ce \u00e0 votre pr\u00e9sence, nous avons pu arracher tous  les pieds de tomates, d&rsquo;aubergines et de poivrons en serre, plier les  b\u00e2ches, ranger les fils, d\u00e9sherber les carottes sem\u00e9es sous abri et  rentrer les derni\u00e8res courges au sec ! Bref, le temps gagn\u00e9 est inestimable et nous allons pouvoir nous concentrer sur la mise au frigo  des autres racines et au rangement de la parcelle ext\u00e9rieure. Comme je vous le disais,<strong> le samedi 26 octobre<\/strong>  devient tr\u00e8s important pour le ramassage des carottes et la semaine  \u00e9tant annonc\u00e9 s\u00e8che, on devrait pouvoir bosser dans de bonnes  conditions ! D&rsquo;ores et d\u00e9j\u00e0, on pr\u00e9voit une date tampon le<strong> lundi 11 novembre<\/strong> si toutes les carottes ne sont pas rentr\u00e9es. En attendant, je vous renvoie le <a rel=\"noreferrer noopener\" href=\"https:\/\/framadate.org\/dxm2bVygXj7SRE9J\" target=\"_blank\">lien <\/a>pour le 26 (Marie, tu peux rajouter le 11\/11?? ). Concernant  la distribution du jour, nous vous passons les courges ab\u00eem\u00e9es en  premier pour ne pas les g\u00e2cher, ce sera donc un m\u00e9li-m\u00e9lo de vari\u00e9t\u00e9s ! Voici votre panier :<br>&#8211; Pommes de terre 1,5 kg \/ 750 g<\/p>\n\n\n\n<p>&#8211; Courges 1 grande part \/ 1 petite<\/p>\n\n\n\n<p>&#8211; Poireaux (au kg, quantit\u00e9 selon r\u00e9colte)<\/p>\n\n\n\n<p>&#8211; Navets 800 g \/ 400 g<\/p>\n\n\n\n<p>&#8211; Choux: fleur, brocoli ou Pak-cho\u00ef (<em>\u00e0 r\u00e9partir entre grands et petits paniers selon comptage<\/em>)<\/p>\n\n\n\n<p>&#8211; M\u00e2che (quantit\u00e9 selon r\u00e9colte)<\/p>\n\n\n\n<p>&#8211; Aromatique (thym ou sariette ou sauge)<\/p>\n\n\n\n<p>&#8211; Tomates 1 kg \/ 500 g<br>+  tomates vertes 3 kg \/ 1,5 kg &#8211; Pour le novices, les tomates vertes sont  une tradition de fin de saison au moment de l&rsquo;arrachage des pieds et  permettent de faire confitures, chutney et autres tartes. Recettes sur  le web.<\/p>\n\n\n\n<p>Voil\u00e0, bonne journ\u00e9e et \u00e0 ce soir !<br>Marc<\/p>\n","protected":false},"excerpt":{"rendered":"<p>Salut \u00e0 tous,Bon, ben, voil\u00e0, comme pr\u00e9vu, les carottes sont rest\u00e9es dans les champs samedi, ce n\u2019\u00e9tait pas vraiment le jour ! Mais nous avons plus d&rsquo;un tour dans notre sac et gr\u00e2ce \u00e0 votre pr\u00e9sence, nous avons pu arracher tous les pieds de tomates, d&rsquo;aubergines et de poivrons en serre, plier les b\u00e2ches, ranger &hellip; <a href=\"https:\/\/pomme-d-amap.org\/index.php\/2019\/10\/22\/distribution-du-22-10-19\/\" class=\"more-link\">Continuer la lecture de <span class=\"screen-reader-text\">Distribution du 22\/10\/19<\/span>  <span class=\"meta-nav\">&rarr;<\/span><\/a><\/p>\n","protected":false},"author":1,"featured_media":0,"comment_status":"closed","ping_status":"closed","sticky":false,"template":"","format":"standard","meta":{"footnotes":""},"categories":[11],"tags":[],"class_list":["post-1011","post","type-post","status-publish","format-standard","hentry","category-distributions"],"_links":{"self":[{"href":"https:\/\/pomme-d-amap.org\/index.php\/wp-json\/wp\/v2\/posts\/1011","targetHints":{"allow":["GET"]}}],"collection":[{"href":"https:\/\/pomme-d-amap.org\/index.php\/wp-json\/wp\/v2\/posts"}],"about":[{"href":"https:\/\/pomme-d-amap.org\/index.php\/wp-json\/wp\/v2\/types\/post"}],"author":[{"embeddable":true,"href":"https:\/\/pomme-d-amap.org\/index.php\/wp-json\/wp\/v2\/users\/1"}],"replies":[{"embeddable":true,"href":"https:\/\/pomme-d-amap.org\/index.php\/wp-json\/wp\/v2\/comments?post=1011"}],"version-history":[{"count":1,"href":"https:\/\/pomme-d-amap.org\/index.php\/wp-json\/wp\/v2\/posts\/1011\/revisions"}],"predecessor-version":[{"id":1012,"href":"https:\/\/pomme-d-amap.org\/index.php\/wp-json\/wp\/v2\/posts\/1011\/revisions\/1012"}],"wp:attachment":[{"href":"https:\/\/pomme-d-amap.org\/index.php\/wp-json\/wp\/v2\/media?parent=1011"}],"wp:term":[{"taxonomy":"category","embeddable":true,"href":"https:\/\/pomme-d-amap.org\/index.php\/wp-json\/wp\/v2\/categories?post=1011"},{"taxonomy":"post_tag","embeddable":true,"href":"https:\/\/pomme-d-amap.org\/index.php\/wp-json\/wp\/v2\/tags?post=1011"}],"curies":[{"name":"wp","href":"https:\/\/api.w.org\/{rel}","templated":true}]}}