{"id":1016,"date":"2019-11-05T09:55:15","date_gmt":"2019-11-05T08:55:15","guid":{"rendered":"http:\/\/pomme-d-amap.org\/?p=1016"},"modified":"2019-11-05T09:55:15","modified_gmt":"2019-11-05T08:55:15","slug":"distribution-du-5-11","status":"publish","type":"post","link":"https:\/\/pomme-d-amap.org\/index.php\/2019\/11\/05\/distribution-du-5-11\/","title":{"rendered":"Distribution du 5\/11"},"content":{"rendered":"\n<p>Salut \u00e0 tous,<\/p>\n\n\n\n<p>Apr\u00e8s un petit break en fin de semaine  derni\u00e8re, c&rsquo;est reparti pour la derni\u00e8re manche du combat entre les  mara\u00eechers et les racines et autres l\u00e9gumes d&rsquo;hiver. Nous avons fini de  rentrer au frigo les betteraves, les radis Da\u00efkon, les navets et les  choux blancs. Restent deux planches de radis noirs et tous les c\u00e9leris  raves&#8230;et bien s\u00fbr, les carottes ! Nous avons quasiment termin\u00e9 une  planche, il en restera 7 pour le lundi 11 novembre. Bien s\u00fbr, comme  d&rsquo;habitude, nous nous gardons la possibilit\u00e9 d&rsquo;annuler le chantier si le  temps ne le permets pas, pas d&rsquo;inqui\u00e9tude! En attendant, voici \u00e0  nouveau le <a rel=\"noreferrer noopener\" href=\"https:\/\/framadate.org\/dxm2bVygXj7SRE9J\" target=\"_blank\">lien <\/a>pour les inscriptions. Pour  le reste, les cultures en serre poussent bien (il fait encore doux !),  nous avons termin\u00e9 la pr\u00e9paration et sem\u00e9 les carottes de printemps sous  abri et pr\u00e9parons la parcelle pour la plantation des arbres fruitiers.  Nous effectuons les trous avec le p\u00e9pini\u00e9riste le vendredi 29 novembre  pour un chantier plantation dans la premi\u00e8re quinzaine de d\u00e9cembre, je  vous tiens au courant si vous \u00eates int\u00e9ress\u00e9s.Voici votre panier :<\/p>\n\n\n\n<p>&#8211; Pommes de terre 1,5 kg \/ 750 g<\/p>\n\n\n\n<p>&#8211; Carottes 1 kg \/ 500 g<\/p>\n\n\n\n<p>&#8211; Oignons jaunes 400 g \/ 200 g<\/p>\n\n\n\n<p>&#8211; Radis Da\u00efkon 1 moyen \/ 1 petit ou au poids<\/p>\n\n\n\n<p>&#8211; Choux kale ou rouge (quantit\u00e9 selon r\u00e9colte)<\/p>\n\n\n\n<p>&#8211; C\u00e9leri branche (quantit\u00e9 selon r\u00e9colte)<\/p>\n\n\n\n<p>&#8211; Roquette (quantit\u00e9 selon r\u00e9colte)<\/p>\n\n\n\n<p>Voil\u00e0, bonne journ\u00e9e et \u00e0 ce soir !<br>Marc<\/p>\n","protected":false},"excerpt":{"rendered":"<p>Salut \u00e0 tous, Apr\u00e8s un petit break en fin de semaine derni\u00e8re, c&rsquo;est reparti pour la derni\u00e8re manche du combat entre les mara\u00eechers et les racines et autres l\u00e9gumes d&rsquo;hiver. Nous avons fini de rentrer au frigo les betteraves, les radis Da\u00efkon, les navets et les choux blancs. Restent deux planches de radis noirs et &hellip; <a href=\"https:\/\/pomme-d-amap.org\/index.php\/2019\/11\/05\/distribution-du-5-11\/\" class=\"more-link\">Continuer la lecture de <span class=\"screen-reader-text\">Distribution du 5\/11<\/span>  <span class=\"meta-nav\">&rarr;<\/span><\/a><\/p>\n","protected":false},"author":1,"featured_media":0,"comment_status":"closed","ping_status":"closed","sticky":false,"template":"","format":"standard","meta":{"footnotes":""},"categories":[11],"tags":[],"class_list":["post-1016","post","type-post","status-publish","format-standard","hentry","category-distributions"],"_links":{"self":[{"href":"https:\/\/pomme-d-amap.org\/index.php\/wp-json\/wp\/v2\/posts\/1016","targetHints":{"allow":["GET"]}}],"collection":[{"href":"https:\/\/pomme-d-amap.org\/index.php\/wp-json\/wp\/v2\/posts"}],"about":[{"href":"https:\/\/pomme-d-amap.org\/index.php\/wp-json\/wp\/v2\/types\/post"}],"author":[{"embeddable":true,"href":"https:\/\/pomme-d-amap.org\/index.php\/wp-json\/wp\/v2\/users\/1"}],"replies":[{"embeddable":true,"href":"https:\/\/pomme-d-amap.org\/index.php\/wp-json\/wp\/v2\/comments?post=1016"}],"version-history":[{"count":1,"href":"https:\/\/pomme-d-amap.org\/index.php\/wp-json\/wp\/v2\/posts\/1016\/revisions"}],"predecessor-version":[{"id":1017,"href":"https:\/\/pomme-d-amap.org\/index.php\/wp-json\/wp\/v2\/posts\/1016\/revisions\/1017"}],"wp:attachment":[{"href":"https:\/\/pomme-d-amap.org\/index.php\/wp-json\/wp\/v2\/media?parent=1016"}],"wp:term":[{"taxonomy":"category","embeddable":true,"href":"https:\/\/pomme-d-amap.org\/index.php\/wp-json\/wp\/v2\/categories?post=1016"},{"taxonomy":"post_tag","embeddable":true,"href":"https:\/\/pomme-d-amap.org\/index.php\/wp-json\/wp\/v2\/tags?post=1016"}],"curies":[{"name":"wp","href":"https:\/\/api.w.org\/{rel}","templated":true}]}}