{"id":1018,"date":"2019-11-12T09:41:01","date_gmt":"2019-11-12T08:41:01","guid":{"rendered":"http:\/\/pomme-d-amap.org\/?p=1018"},"modified":"2019-11-12T09:41:01","modified_gmt":"2019-11-12T08:41:01","slug":"distribution-du-12-11-19","status":"publish","type":"post","link":"https:\/\/pomme-d-amap.org\/index.php\/2019\/11\/12\/distribution-du-12-11-19\/","title":{"rendered":"Distribution du 12\/11\/19"},"content":{"rendered":"\n<p>Salut \u00e0 tous,<br>Oh, que c&rsquo;\u00e9tait p\u00e9nible !! Apr\u00e8s une  semaine de tergiversations concernant les pr\u00e9visions m\u00e9t\u00e9orologiques,  nous avons finalement eu droit pour la derni\u00e8re session de carottes \u00e0 un  temps maussade, froid, humide puis carr\u00e9ment pluvieux pour finir avec  de bonnes vieilles carottes qui collent bien aux gants, comme on en  r\u00eavait&#8230; Bon, on a r\u00e9ussi \u00e0 sortir 5,5 planches sur les 7 restantes et  rassurez-vous, il n&rsquo;y aura plus de chantiers ! Merci pour votre belle  participation et le serrage de coudes ! Avant cette belle journ\u00e9e, nous  avions dans la semaine \u00e9coul\u00e9e, sem\u00e9 les carottes de printemps, plant\u00e9  des choux-fleurs, de la m\u00e2che et de l&rsquo;ail en serre et pr\u00e9par\u00e9 le  chantier de plantation de l&rsquo;ail de conservation que nous ferons cette  semaine dehors. Sur un autre front, la date de plantation des arbres  fruitiers a \u00e9t\u00e9 fix\u00e9e, ce sera le samedi 7 d\u00e9cembre pour ceux qui  veulent \u00eatre de la partie ! Voici votre panier de jour :<br>&#8211; Pommes de terre 1,5 kg \/ 750 g<\/p>\n\n\n\n<p>&#8211; Carottes 1 kg \/ 500 g<\/p>\n\n\n\n<p>&#8211; Courges (longue de Nice majoritairement) 2 kg \/ 1 kg environ<\/p>\n\n\n\n<p>&#8211; \u00c9pinards (quantit\u00e9 selon r\u00e9colte)<\/p>\n\n\n\n<p>&#8211; Laitues 1\/1<\/p>\n\n\n\n<p>&#8211; Radis roses (quantit\u00e9 selon r\u00e9colte)<\/p>\n\n\n\n<p>&#8211; \u00c9chalotes 400 g \/ 200 g<\/p>\n\n\n\n<p>Voil\u00e0, bonne journ\u00e9e pleine de soleil et \u00e0 ce soir !\u00a0\u00a0<br>Marc<\/p>\n","protected":false},"excerpt":{"rendered":"<p>Salut \u00e0 tous,Oh, que c&rsquo;\u00e9tait p\u00e9nible !! Apr\u00e8s une semaine de tergiversations concernant les pr\u00e9visions m\u00e9t\u00e9orologiques, nous avons finalement eu droit pour la derni\u00e8re session de carottes \u00e0 un temps maussade, froid, humide puis carr\u00e9ment pluvieux pour finir avec de bonnes vieilles carottes qui collent bien aux gants, comme on en r\u00eavait&#8230; Bon, on a &hellip; <a href=\"https:\/\/pomme-d-amap.org\/index.php\/2019\/11\/12\/distribution-du-12-11-19\/\" class=\"more-link\">Continuer la lecture de <span class=\"screen-reader-text\">Distribution du 12\/11\/19<\/span>  <span class=\"meta-nav\">&rarr;<\/span><\/a><\/p>\n","protected":false},"author":1,"featured_media":0,"comment_status":"closed","ping_status":"closed","sticky":false,"template":"","format":"standard","meta":{"footnotes":""},"categories":[11],"tags":[],"class_list":["post-1018","post","type-post","status-publish","format-standard","hentry","category-distributions"],"_links":{"self":[{"href":"https:\/\/pomme-d-amap.org\/index.php\/wp-json\/wp\/v2\/posts\/1018","targetHints":{"allow":["GET"]}}],"collection":[{"href":"https:\/\/pomme-d-amap.org\/index.php\/wp-json\/wp\/v2\/posts"}],"about":[{"href":"https:\/\/pomme-d-amap.org\/index.php\/wp-json\/wp\/v2\/types\/post"}],"author":[{"embeddable":true,"href":"https:\/\/pomme-d-amap.org\/index.php\/wp-json\/wp\/v2\/users\/1"}],"replies":[{"embeddable":true,"href":"https:\/\/pomme-d-amap.org\/index.php\/wp-json\/wp\/v2\/comments?post=1018"}],"version-history":[{"count":1,"href":"https:\/\/pomme-d-amap.org\/index.php\/wp-json\/wp\/v2\/posts\/1018\/revisions"}],"predecessor-version":[{"id":1019,"href":"https:\/\/pomme-d-amap.org\/index.php\/wp-json\/wp\/v2\/posts\/1018\/revisions\/1019"}],"wp:attachment":[{"href":"https:\/\/pomme-d-amap.org\/index.php\/wp-json\/wp\/v2\/media?parent=1018"}],"wp:term":[{"taxonomy":"category","embeddable":true,"href":"https:\/\/pomme-d-amap.org\/index.php\/wp-json\/wp\/v2\/categories?post=1018"},{"taxonomy":"post_tag","embeddable":true,"href":"https:\/\/pomme-d-amap.org\/index.php\/wp-json\/wp\/v2\/tags?post=1018"}],"curies":[{"name":"wp","href":"https:\/\/api.w.org\/{rel}","templated":true}]}}