{"id":102,"date":"2016-10-12T20:08:57","date_gmt":"2016-10-12T19:08:57","guid":{"rendered":"http:\/\/pomme-d-amap.org\/?p=102"},"modified":"2016-11-09T23:47:18","modified_gmt":"2016-11-09T22:47:18","slug":"distribution-du-111016","status":"publish","type":"post","link":"https:\/\/pomme-d-amap.org\/index.php\/2016\/10\/12\/distribution-du-111016\/","title":{"rendered":"Distribution du 11\/10\/16"},"content":{"rendered":"<p>Salut \u00e0 tous,<\/p>\n<div>Il y a des fois o\u00f9 les caprices du climat me laissent perplexe&#8230;Depuis hier, gel au petit matin&#8230;On ressort les voiles pour couvrir les cultures d\u00e9licates et on assiste impuissant aux variations de temp\u00e9rature en cours de journ\u00e9e&#8230;\u00c9videmment, les premi\u00e8res gel\u00e9es arrivent juste apr\u00e8s la taille des courges effectu\u00e9e ce week-end. En g\u00e9n\u00e9ral, on les laisse sur place un petit moment pour que le p\u00e9doncule s\u00e8che avant de les rentrer au chaud pour l&rsquo;hiver, mais l\u00e0, je les ai couvertes d&rsquo;un voile thermique le temps de les rentrer&#8230;enfin, pas de r\u00e9pit, quoi! Merci quoi qu&rsquo;il en soit aux courageux qui sont venus samedi au chantier courges + d\u00e9sherbage, c&rsquo;\u00e9tait cool! Et en plus, vous avez \u00e9t\u00e9 efficace&#8230;<\/div>\n<div>Sinon, cette semaine, pas mal de travail du sol sous abri pour les futures plantations, de r\u00e9coltes et de d\u00e9sherbage&#8230;<\/div>\n<div>Vous aurez dans vos paniers:<\/div>\n<div><\/div>\n<div>&#8211; Tomates 1 \u00e0 1,4 kg \/ 500 \u00e0 700 g<\/div>\n<div>&#8211; Aubergines 2\/1<\/div>\n<div>&#8211; Oignons jaunes 400 \/ 200 g<\/div>\n<div>&#8211; Carottes 1 \u00e0 1,2 kg \/ 500 \u00e0 600 g<\/div>\n<div>&#8211; Choux rouge (quantit\u00e9 \u00e0 d\u00e9finir, pi\u00e8ce ou poids)<\/div>\n<div>&#8211; Radis blanc (quantit\u00e9 \u00e0 d\u00e9finir, pi\u00e8ce ou poids)<\/div>\n<div>&#8211; Scarole 1\/1<\/div>\n<div>&#8211; Persil 1\/1<\/div>\n<div><\/div>\n<div>Marc<\/div>\n","protected":false},"excerpt":{"rendered":"<p>Salut \u00e0 tous, Il y a des fois o\u00f9 les caprices du climat me laissent perplexe&#8230;Depuis hier, gel au petit matin&#8230;On ressort les voiles pour couvrir les cultures d\u00e9licates et on assiste impuissant aux variations de temp\u00e9rature en cours de journ\u00e9e&#8230;\u00c9videmment, les premi\u00e8res gel\u00e9es arrivent juste apr\u00e8s la taille des courges effectu\u00e9e ce week-end. En &hellip; <a href=\"https:\/\/pomme-d-amap.org\/index.php\/2016\/10\/12\/distribution-du-111016\/\" class=\"more-link\">Continuer la lecture de <span class=\"screen-reader-text\">Distribution du 11\/10\/16<\/span>  <span class=\"meta-nav\">&rarr;<\/span><\/a><\/p>\n","protected":false},"author":1,"featured_media":0,"comment_status":"open","ping_status":"open","sticky":false,"template":"","format":"standard","meta":{"footnotes":""},"categories":[11],"tags":[38,7],"class_list":["post-102","post","type-post","status-publish","format-standard","hentry","category-distributions","tag-legumes-bio","tag-panier"],"_links":{"self":[{"href":"https:\/\/pomme-d-amap.org\/index.php\/wp-json\/wp\/v2\/posts\/102","targetHints":{"allow":["GET"]}}],"collection":[{"href":"https:\/\/pomme-d-amap.org\/index.php\/wp-json\/wp\/v2\/posts"}],"about":[{"href":"https:\/\/pomme-d-amap.org\/index.php\/wp-json\/wp\/v2\/types\/post"}],"author":[{"embeddable":true,"href":"https:\/\/pomme-d-amap.org\/index.php\/wp-json\/wp\/v2\/users\/1"}],"replies":[{"embeddable":true,"href":"https:\/\/pomme-d-amap.org\/index.php\/wp-json\/wp\/v2\/comments?post=102"}],"version-history":[{"count":1,"href":"https:\/\/pomme-d-amap.org\/index.php\/wp-json\/wp\/v2\/posts\/102\/revisions"}],"predecessor-version":[{"id":103,"href":"https:\/\/pomme-d-amap.org\/index.php\/wp-json\/wp\/v2\/posts\/102\/revisions\/103"}],"wp:attachment":[{"href":"https:\/\/pomme-d-amap.org\/index.php\/wp-json\/wp\/v2\/media?parent=102"}],"wp:term":[{"taxonomy":"category","embeddable":true,"href":"https:\/\/pomme-d-amap.org\/index.php\/wp-json\/wp\/v2\/categories?post=102"},{"taxonomy":"post_tag","embeddable":true,"href":"https:\/\/pomme-d-amap.org\/index.php\/wp-json\/wp\/v2\/tags?post=102"}],"curies":[{"name":"wp","href":"https:\/\/api.w.org\/{rel}","templated":true}]}}