{"id":1021,"date":"2019-11-12T23:14:48","date_gmt":"2019-11-12T22:14:48","guid":{"rendered":"http:\/\/pomme-d-amap.org\/?p=1021"},"modified":"2019-11-12T23:15:02","modified_gmt":"2019-11-12T22:15:02","slug":"assemblee-generale-annuelle-17-11","status":"publish","type":"post","link":"https:\/\/pomme-d-amap.org\/index.php\/2019\/11\/12\/assemblee-generale-annuelle-17-11\/","title":{"rendered":"Assembl\u00e9e g\u00e9n\u00e9rale annuelle &#8211; 17\/11"},"content":{"rendered":"\n<p><strong>Dimanche 17 novembre<\/strong> <strong>\u00e0 partir de 9h30<\/strong>, c&rsquo;est l&rsquo;<strong>ASSEMBLEE GENERALE annuelle de Pomme d&rsquo;Amap<\/strong>, organis\u00e9e comme l&rsquo;ann\u00e9e derni\u00e8re <strong>salle Quincey<\/strong>, \u00e0 l&rsquo;angle de l&rsquo;all\u00e9e pi\u00e9tonne Quincey et de la rue Saint-Just, juste en face de la caserne de pompiers.<br>L&rsquo;ordre du jour sera le suivant :<\/p>\n\n\n\n<ul class=\"wp-block-list\"><li>1. Bilan 2019 du bureau \u00e0 travers de jolis camemberts (adh\u00e9sions, tr\u00e9sorerie&#8230;). Merci  d&rsquo;ailleurs de prendre 5 minutes pour r\u00e9pondre aux questions du sondage  en ligne suivant, afin de nous permettre de dresser un bilan plus pr\u00e9cis  de nos activit\u00e9s 2019 ; <a rel=\"noreferrer noopener\" href=\"https:\/\/forms.gle\/wbybSv8iCW9QjHAu5\" target=\"_blank\">https:\/\/forms.gle\/wbybSv8iCW9QjHAu5<\/a><\/li><li>2. Bilan 2019 et perspectives 2020 pour Marc Bianchi par Marc Bianchi !<\/li><li>3. Renouvellement du bureau (comme annonc\u00e9 l&rsquo;ann\u00e9e derni\u00e8re, le bureau actuel doit \u00eatre totalement renouvel\u00e9)<\/li><li>4. Renouvellement des r\u00e9f\u00e9rents \u00ab\u00a0contrats\u00a0\u00bb<\/li><\/ul>\n\n\n\n<p>Comme  l&rsquo;ann\u00e9e pass\u00e9e, nous essaierons de terminer l&rsquo;Assembl\u00e9e g\u00e9n\u00e9rale  proprement dite aux alentours de midi, pour continuer sur un repas  participatif et collectif, que l&rsquo;on esp\u00e8re \u00e9videmment convivial.<\/p>\n\n\n\n<p>Merci d&rsquo;apporter dans ce but quelques victuailles \u00e0 partager !<br>Et \u00e9videmment, on aura besoin de vos bras pour ranger la salle et la rendre aux alentours de 14h.<br><strong>A dimanche !<\/strong><\/p>\n\n\n\n<figure class=\"wp-block-image\"><img decoding=\"async\" src=\"https:\/\/ssl.gstatic.com\/ui\/v1\/icons\/mail\/images\/cleardot.gif\" alt=\"\"\/><\/figure>\n","protected":false},"excerpt":{"rendered":"<p>Dimanche 17 novembre \u00e0 partir de 9h30, c&rsquo;est l&rsquo;ASSEMBLEE GENERALE annuelle de Pomme d&rsquo;Amap, organis\u00e9e comme l&rsquo;ann\u00e9e derni\u00e8re salle Quincey, \u00e0 l&rsquo;angle de l&rsquo;all\u00e9e pi\u00e9tonne Quincey et de la rue Saint-Just, juste en face de la caserne de pompiers.L&rsquo;ordre du jour sera le suivant : 1. Bilan 2019 du bureau \u00e0 travers de jolis camemberts &hellip; <a href=\"https:\/\/pomme-d-amap.org\/index.php\/2019\/11\/12\/assemblee-generale-annuelle-17-11\/\" class=\"more-link\">Continuer la lecture de <span class=\"screen-reader-text\">Assembl\u00e9e g\u00e9n\u00e9rale annuelle &#8211; 17\/11<\/span>  <span class=\"meta-nav\">&rarr;<\/span><\/a><\/p>\n","protected":false},"author":1,"featured_media":0,"comment_status":"closed","ping_status":"closed","sticky":false,"template":"","format":"standard","meta":{"footnotes":""},"categories":[18],"tags":[],"class_list":["post-1021","post","type-post","status-publish","format-standard","hentry","category-vie-de-lasso"],"_links":{"self":[{"href":"https:\/\/pomme-d-amap.org\/index.php\/wp-json\/wp\/v2\/posts\/1021","targetHints":{"allow":["GET"]}}],"collection":[{"href":"https:\/\/pomme-d-amap.org\/index.php\/wp-json\/wp\/v2\/posts"}],"about":[{"href":"https:\/\/pomme-d-amap.org\/index.php\/wp-json\/wp\/v2\/types\/post"}],"author":[{"embeddable":true,"href":"https:\/\/pomme-d-amap.org\/index.php\/wp-json\/wp\/v2\/users\/1"}],"replies":[{"embeddable":true,"href":"https:\/\/pomme-d-amap.org\/index.php\/wp-json\/wp\/v2\/comments?post=1021"}],"version-history":[{"count":2,"href":"https:\/\/pomme-d-amap.org\/index.php\/wp-json\/wp\/v2\/posts\/1021\/revisions"}],"predecessor-version":[{"id":1023,"href":"https:\/\/pomme-d-amap.org\/index.php\/wp-json\/wp\/v2\/posts\/1021\/revisions\/1023"}],"wp:attachment":[{"href":"https:\/\/pomme-d-amap.org\/index.php\/wp-json\/wp\/v2\/media?parent=1021"}],"wp:term":[{"taxonomy":"category","embeddable":true,"href":"https:\/\/pomme-d-amap.org\/index.php\/wp-json\/wp\/v2\/categories?post=1021"},{"taxonomy":"post_tag","embeddable":true,"href":"https:\/\/pomme-d-amap.org\/index.php\/wp-json\/wp\/v2\/tags?post=1021"}],"curies":[{"name":"wp","href":"https:\/\/api.w.org\/{rel}","templated":true}]}}