{"id":1055,"date":"2019-12-09T09:47:06","date_gmt":"2019-12-09T08:47:06","guid":{"rendered":"http:\/\/pomme-d-amap.org\/?p=1055"},"modified":"2019-12-09T09:48:22","modified_gmt":"2019-12-09T08:48:22","slug":"plantation-darbres-a-saint-augustin","status":"publish","type":"post","link":"https:\/\/pomme-d-amap.org\/index.php\/2019\/12\/09\/plantation-darbres-a-saint-augustin\/","title":{"rendered":"Plantation d&rsquo;arbres \u00e0 Saint-Augustin"},"content":{"rendered":"\n<p>C\u2019est d\u00e9sormais un tilleul  qui accueillera les visiteurs sur la parcelle de Saint-Augustin.  Poiriers, cerisiers, pommiers, pruniers vont \u00e9galement changer le  paysage du champs de notre Amap d\u00e8s cet \u00e9t\u00e9. Difficile \u00e0 croire, mais  oui, les menus arbustes et fr\u00eales arbrisseaux que nous avons plant\u00e9s ce  samedi 7 d\u00e9cembre devraient donner des fruits d\u00e8s l\u2019ann\u00e9e prochaine\u00a0!  C\u2019est ce que nous a assur\u00e9 Pascal, p\u00e9pini\u00e9riste qui a apport\u00e9 \u00e0 Marc,  Lucile et Boris une vingtaine d\u2019esp\u00e8ces d\u2019arbres r\u00e9partis entre les  serres et les planches de l\u00e9gumes.<\/p>\n\n\n\n<p>Pour la plantation, c\u2019est \nassez simple&nbsp;: on taille les racines trop biscornues, deux pellet\u00e9es de \ncompost, un tuteur et on rebouche le trou qui accueille le futur arbre \nfruitier. Attention \u00e0 l\u2019orientation des arbres greff\u00e9s, tout de m\u00eame&nbsp;: \nc\u2019est le c\u00f4t\u00e9 mort du tronc qui a subi la greffe qui devra recevoir le \nvent dominant (pas toujours \u00e9vident \u00e0 comprendre).<\/p>\n\n\n\n<p>Comme toujours, la vari\u00e9t\u00e9  est \u00e0 l\u2019honneur. En plus des incontournables Reinettes, mirabelles et  poires Williams, nous pourrons d\u00e9guster ces prochaines ann\u00e9es des  vari\u00e9t\u00e9s de fruits moins connues pour certains d\u2019entre nous\u00a0: comme les  kiwai, sorte de kiwis originaires de Sib\u00e9rie, et bourr\u00e9s de vitamine C.  Au programme \u00e9galement, des prunes de Coulommiers, des cerises  bigarreau blanches et pourquoi pas des n\u00e8fles si le n\u00e9flier ne se plaint  pas trop du froid ? On annonce aussi des p\u00eaches, des abricots, des  groseilles, du cassis et des kiwis. Une raison de plus pour venir aux  chantiers d\u2019\u00e9t\u00e9\u00a0!<\/p>\n\n\n\n<p>En plus de nous procurer  des fruits, les arbres plant\u00e9s ce week-end \u00e9gayeront le paysage de la  parcelle et permettront d\u2019att\u00e9nuer un peu l\u2019humidit\u00e9 de certaines  parties du champs. Un saule pleureur -gros consommateur d&rsquo;eau- devrait  prochainement prendre racine dans la terre de Saint-Augustin.<\/p>\n\n\n\n<p>&#8211; \u00e9crit par Rapha\u00ebl &#8211; <\/p>\n\n\n\n<figure class=\"wp-block-image size-large\"><img loading=\"lazy\" decoding=\"async\" width=\"480\" height=\"640\" src=\"https:\/\/pomme-d-amap.org\/wp-content\/uploads\/2019\/12\/IMG_7313-rotated.jpg\" alt=\"\" class=\"wp-image-1057\" srcset=\"https:\/\/pomme-d-amap.org\/wp-content\/uploads\/2019\/12\/IMG_7313-rotated.jpg 480w, https:\/\/pomme-d-amap.org\/wp-content\/uploads\/2019\/12\/IMG_7313-225x300.jpg 225w\" sizes=\"auto, (max-width: 480px) 100vw, 480px\" \/><figcaption>Plantation d&rsquo;un poirier<\/figcaption><\/figure>\n\n\n\n<figure class=\"wp-block-image size-large\"><img loading=\"lazy\" decoding=\"async\" width=\"480\" height=\"640\" src=\"https:\/\/pomme-d-amap.org\/wp-content\/uploads\/2019\/12\/IMG_7314-rotated.jpg\" alt=\"\" class=\"wp-image-1058\" srcset=\"https:\/\/pomme-d-amap.org\/wp-content\/uploads\/2019\/12\/IMG_7314-rotated.jpg 480w, https:\/\/pomme-d-amap.org\/wp-content\/uploads\/2019\/12\/IMG_7314-225x300.jpg 225w\" sizes=\"auto, (max-width: 480px) 100vw, 480px\" \/><\/figure>\n\n\n\n<figure class=\"wp-block-image size-large\"><img loading=\"lazy\" decoding=\"async\" width=\"480\" height=\"640\" src=\"https:\/\/pomme-d-amap.org\/wp-content\/uploads\/2019\/12\/IMG_7318-rotated.jpg\" alt=\"\" class=\"wp-image-1059\" srcset=\"https:\/\/pomme-d-amap.org\/wp-content\/uploads\/2019\/12\/IMG_7318-rotated.jpg 480w, https:\/\/pomme-d-amap.org\/wp-content\/uploads\/2019\/12\/IMG_7318-225x300.jpg 225w\" sizes=\"auto, (max-width: 480px) 100vw, 480px\" \/><figcaption>Plantation d&rsquo;un cerisier<\/figcaption><\/figure>\n","protected":false},"excerpt":{"rendered":"<p>C\u2019est d\u00e9sormais un tilleul qui accueillera les visiteurs sur la parcelle de Saint-Augustin. Poiriers, cerisiers, pommiers, pruniers vont \u00e9galement changer le paysage du champs de notre Amap d\u00e8s cet \u00e9t\u00e9. Difficile \u00e0 croire, mais oui, les menus arbustes et fr\u00eales arbrisseaux que nous avons plant\u00e9s ce samedi 7 d\u00e9cembre devraient donner des fruits d\u00e8s l\u2019ann\u00e9e &hellip; <a href=\"https:\/\/pomme-d-amap.org\/index.php\/2019\/12\/09\/plantation-darbres-a-saint-augustin\/\" class=\"more-link\">Continuer la lecture de <span class=\"screen-reader-text\">Plantation d&rsquo;arbres \u00e0 Saint-Augustin<\/span>  <span class=\"meta-nav\">&rarr;<\/span><\/a><\/p>\n","protected":false},"author":1,"featured_media":0,"comment_status":"closed","ping_status":"closed","sticky":false,"template":"","format":"standard","meta":{"footnotes":""},"categories":[4],"tags":[],"class_list":["post-1055","post","type-post","status-publish","format-standard","hentry","category-coups-de-pouce-a-la-ferme"],"_links":{"self":[{"href":"https:\/\/pomme-d-amap.org\/index.php\/wp-json\/wp\/v2\/posts\/1055","targetHints":{"allow":["GET"]}}],"collection":[{"href":"https:\/\/pomme-d-amap.org\/index.php\/wp-json\/wp\/v2\/posts"}],"about":[{"href":"https:\/\/pomme-d-amap.org\/index.php\/wp-json\/wp\/v2\/types\/post"}],"author":[{"embeddable":true,"href":"https:\/\/pomme-d-amap.org\/index.php\/wp-json\/wp\/v2\/users\/1"}],"replies":[{"embeddable":true,"href":"https:\/\/pomme-d-amap.org\/index.php\/wp-json\/wp\/v2\/comments?post=1055"}],"version-history":[{"count":3,"href":"https:\/\/pomme-d-amap.org\/index.php\/wp-json\/wp\/v2\/posts\/1055\/revisions"}],"predecessor-version":[{"id":1061,"href":"https:\/\/pomme-d-amap.org\/index.php\/wp-json\/wp\/v2\/posts\/1055\/revisions\/1061"}],"wp:attachment":[{"href":"https:\/\/pomme-d-amap.org\/index.php\/wp-json\/wp\/v2\/media?parent=1055"}],"wp:term":[{"taxonomy":"category","embeddable":true,"href":"https:\/\/pomme-d-amap.org\/index.php\/wp-json\/wp\/v2\/categories?post=1055"},{"taxonomy":"post_tag","embeddable":true,"href":"https:\/\/pomme-d-amap.org\/index.php\/wp-json\/wp\/v2\/tags?post=1055"}],"curies":[{"name":"wp","href":"https:\/\/api.w.org\/{rel}","templated":true}]}}