{"id":1079,"date":"2020-01-06T22:31:51","date_gmt":"2020-01-06T21:31:51","guid":{"rendered":"http:\/\/pomme-d-amap.org\/?p=1079"},"modified":"2020-01-06T22:31:51","modified_gmt":"2020-01-06T21:31:51","slug":"distribution-du-mardi-7-janvier-2020","status":"publish","type":"post","link":"https:\/\/pomme-d-amap.org\/index.php\/2020\/01\/06\/distribution-du-mardi-7-janvier-2020\/","title":{"rendered":"Distribution du mardi 7 janvier 2020"},"content":{"rendered":"\n<p>\n\nSalut \u00e0 tous,<br>Tout d&rsquo;abord, je vous souhaite une excellente ann\u00e9e 2020 pleine de bonheur et de r\u00e9ussite! Je suis ravi de vous retrouver apr\u00e8s cette coupure annuelle \u00f4 combien salutaire!Nous avons repris avec Lucile aujourd&rsquo;hui apr\u00e8s des f\u00eates bien charg\u00e9es et nous \u00e9tions d&rsquo;accord ce matin sur le fait que la reprise allait nous faire du bien dans tous les sens du terme&#8230;. Pour le coup, on a commenc\u00e9 \u00e0 pr\u00e9parer les racines de la distribution hebdomadaire dans les frigos, il y a mieux comme reprise au grand air mais c&rsquo;est pour la bonne cause! Le travail du sol et les plantations (choux pointus, m\u00e2che, oignons blancs) reprennent cette semaine et \u00e7a va nous permettre de nous d\u00e9penser un peu&#8230;Nous reprenons l&rsquo;ann\u00e9e \u00e0 43,5 parts (21 grand \/ 45 petits), nous avions fini \u00e0 52, ce qui est un taux de r\u00e9inscription classique et tr\u00e8s correct, en esp\u00e9rant que \u00e7a gonfle dans les jours et les semaines \u00e0 venir. Je vous rappelle que nous visons 50 parts \u00e0 Ivry, n&rsquo;h\u00e9sitez-pas \u00e0 mobiliser autour de vous!Voici votre panier de demain:<\/p>\n\n\n\n<ul class=\"wp-block-list\"><li>Pommes de terre 1,5 kg grand panier\/ 750 g petit panier<\/li><li>Courges 1 part \/ 1\/2 part (2 kg \/ 1 kg environ)<\/li><li>C\u00e9leri rave 1 grand \/ 1 moyen<\/li><li>\u00c9chalotes 300 g \/ 150 g<\/li><li>Choux blanc ( \u00e0 r\u00e9partir)<\/li><li>M\u00e2che (quantit\u00e9 selon r\u00e9colte)<\/li><\/ul>\n\n\n\n<p>Voil\u00e0, bonne soir\u00e9e \u00e0 tous et \u00e0 demain pour la reprise!<br>Marc\n\n<\/p>\n","protected":false},"excerpt":{"rendered":"<p>Salut \u00e0 tous,Tout d&rsquo;abord, je vous souhaite une excellente ann\u00e9e 2020 pleine de bonheur et de r\u00e9ussite! Je suis ravi de vous retrouver apr\u00e8s cette coupure annuelle \u00f4 combien salutaire!Nous avons repris avec Lucile aujourd&rsquo;hui apr\u00e8s des f\u00eates bien charg\u00e9es et nous \u00e9tions d&rsquo;accord ce matin sur le fait que la reprise allait nous faire &hellip; <a href=\"https:\/\/pomme-d-amap.org\/index.php\/2020\/01\/06\/distribution-du-mardi-7-janvier-2020\/\" class=\"more-link\">Continuer la lecture de <span class=\"screen-reader-text\">Distribution du mardi 7 janvier 2020<\/span>  <span class=\"meta-nav\">&rarr;<\/span><\/a><\/p>\n","protected":false},"author":1,"featured_media":0,"comment_status":"closed","ping_status":"closed","sticky":false,"template":"","format":"standard","meta":{"footnotes":""},"categories":[11],"tags":[],"class_list":["post-1079","post","type-post","status-publish","format-standard","hentry","category-distributions"],"_links":{"self":[{"href":"https:\/\/pomme-d-amap.org\/index.php\/wp-json\/wp\/v2\/posts\/1079","targetHints":{"allow":["GET"]}}],"collection":[{"href":"https:\/\/pomme-d-amap.org\/index.php\/wp-json\/wp\/v2\/posts"}],"about":[{"href":"https:\/\/pomme-d-amap.org\/index.php\/wp-json\/wp\/v2\/types\/post"}],"author":[{"embeddable":true,"href":"https:\/\/pomme-d-amap.org\/index.php\/wp-json\/wp\/v2\/users\/1"}],"replies":[{"embeddable":true,"href":"https:\/\/pomme-d-amap.org\/index.php\/wp-json\/wp\/v2\/comments?post=1079"}],"version-history":[{"count":1,"href":"https:\/\/pomme-d-amap.org\/index.php\/wp-json\/wp\/v2\/posts\/1079\/revisions"}],"predecessor-version":[{"id":1080,"href":"https:\/\/pomme-d-amap.org\/index.php\/wp-json\/wp\/v2\/posts\/1079\/revisions\/1080"}],"wp:attachment":[{"href":"https:\/\/pomme-d-amap.org\/index.php\/wp-json\/wp\/v2\/media?parent=1079"}],"wp:term":[{"taxonomy":"category","embeddable":true,"href":"https:\/\/pomme-d-amap.org\/index.php\/wp-json\/wp\/v2\/categories?post=1079"},{"taxonomy":"post_tag","embeddable":true,"href":"https:\/\/pomme-d-amap.org\/index.php\/wp-json\/wp\/v2\/tags?post=1079"}],"curies":[{"name":"wp","href":"https:\/\/api.w.org\/{rel}","templated":true}]}}