{"id":1081,"date":"2020-01-14T09:22:25","date_gmt":"2020-01-14T08:22:25","guid":{"rendered":"http:\/\/pomme-d-amap.org\/?p=1081"},"modified":"2020-01-14T09:22:25","modified_gmt":"2020-01-14T08:22:25","slug":"distribution-du-mardi-14-janvier-2020","status":"publish","type":"post","link":"https:\/\/pomme-d-amap.org\/index.php\/2020\/01\/14\/distribution-du-mardi-14-janvier-2020\/","title":{"rendered":"Distribution du mardi 14 janvier 2020"},"content":{"rendered":"\n<p> Salut \u00e0 tous,<br>De retour pour la deuxi\u00e8me distribution de l&rsquo;ann\u00e9e, m\u00eame si l&rsquo;horloge biologique des mara\u00eechers est quelque peu d\u00e9cal\u00e9e..on a du mal \u00e0 croire que l&rsquo;on est au milieu de l&rsquo;hiver, sinon en observant les arbres d\u00e9garnis. Bon, le cycle des plantations est l\u00e0 pour nous rappeler que le temps des tomates est encore loin et le contenu de votre panier aussi! Nous avons la semaine pass\u00e9e plant\u00e9 choux pointus, m\u00e2che et oignons blancs sous serre et nous appr\u00eatons \u00e0 acc\u00e9l\u00e9rer le rythme dans les semaines \u00e0 venir. En attendant, nous organisons, rangeons, pr\u00e9parons, r\u00e9parons et nous occupons des distributions, ce qui nous prend quand m\u00eame pas mal de temps. J&rsquo;en profite pour vous rappeler comme stipul\u00e9 dans vos contrats que le\u00a0<strong>mardi 18 f\u00e9vrier<\/strong>\u00a0ne sera pas distribu\u00e9 pour cause de vacances et remplac\u00e9 par une double distribution le\u00a0<strong>4 f\u00e9vrier<\/strong>. Je vous donnerai plus de d\u00e9tails dans une dizaine de jours.Nous aurons la visite demain de Catherine, productrice de p\u00e2tes 100% \u00e9peautre qui a d\u00e9j\u00e0 \u00e9trenn\u00e9 son savoir-faire \u00e0 l&rsquo;amap du Kremlin en fin d&rsquo;ann\u00e9e derni\u00e8re. Elle viendra discuter avec le bureau et apporter quelques produits pour faire connaissance. Vous pourrez lui poser toutes les questions possibles! Nouveaux contrats en vue?<\/p>\n\n\n\n<p>Voici votre panier:<br><\/p>\n\n\n\n<ul class=\"wp-block-list\"><li>Pommes de terre 1,5 kg \/ 750 g <\/li><li>Carottes 1 kg \/ 500 g<\/li><li>Choux de Bruxelles 1,2 kg \/ 600 g<\/li><li>Poireaux 3\/2<\/li><li>Radis green meat (pi\u00e8ce ou poids)<\/li><li>Mesclun pain de sucre \/ pourpier (quantit\u00e9 selon r\u00e9colte)<\/li><\/ul>\n\n\n\n<p><br>Voil\u00e0, bonne nuit et \u00e0 demain!<br>Marc <\/p>\n","protected":false},"excerpt":{"rendered":"<p>Salut \u00e0 tous,De retour pour la deuxi\u00e8me distribution de l&rsquo;ann\u00e9e, m\u00eame si l&rsquo;horloge biologique des mara\u00eechers est quelque peu d\u00e9cal\u00e9e..on a du mal \u00e0 croire que l&rsquo;on est au milieu de l&rsquo;hiver, sinon en observant les arbres d\u00e9garnis. Bon, le cycle des plantations est l\u00e0 pour nous rappeler que le temps des tomates est encore &hellip; <a href=\"https:\/\/pomme-d-amap.org\/index.php\/2020\/01\/14\/distribution-du-mardi-14-janvier-2020\/\" class=\"more-link\">Continuer la lecture de <span class=\"screen-reader-text\">Distribution du mardi 14 janvier 2020<\/span>  <span class=\"meta-nav\">&rarr;<\/span><\/a><\/p>\n","protected":false},"author":1,"featured_media":0,"comment_status":"closed","ping_status":"closed","sticky":false,"template":"","format":"standard","meta":{"footnotes":""},"categories":[11],"tags":[],"class_list":["post-1081","post","type-post","status-publish","format-standard","hentry","category-distributions"],"_links":{"self":[{"href":"https:\/\/pomme-d-amap.org\/index.php\/wp-json\/wp\/v2\/posts\/1081","targetHints":{"allow":["GET"]}}],"collection":[{"href":"https:\/\/pomme-d-amap.org\/index.php\/wp-json\/wp\/v2\/posts"}],"about":[{"href":"https:\/\/pomme-d-amap.org\/index.php\/wp-json\/wp\/v2\/types\/post"}],"author":[{"embeddable":true,"href":"https:\/\/pomme-d-amap.org\/index.php\/wp-json\/wp\/v2\/users\/1"}],"replies":[{"embeddable":true,"href":"https:\/\/pomme-d-amap.org\/index.php\/wp-json\/wp\/v2\/comments?post=1081"}],"version-history":[{"count":1,"href":"https:\/\/pomme-d-amap.org\/index.php\/wp-json\/wp\/v2\/posts\/1081\/revisions"}],"predecessor-version":[{"id":1082,"href":"https:\/\/pomme-d-amap.org\/index.php\/wp-json\/wp\/v2\/posts\/1081\/revisions\/1082"}],"wp:attachment":[{"href":"https:\/\/pomme-d-amap.org\/index.php\/wp-json\/wp\/v2\/media?parent=1081"}],"wp:term":[{"taxonomy":"category","embeddable":true,"href":"https:\/\/pomme-d-amap.org\/index.php\/wp-json\/wp\/v2\/categories?post=1081"},{"taxonomy":"post_tag","embeddable":true,"href":"https:\/\/pomme-d-amap.org\/index.php\/wp-json\/wp\/v2\/tags?post=1081"}],"curies":[{"name":"wp","href":"https:\/\/api.w.org\/{rel}","templated":true}]}}