{"id":1083,"date":"2020-01-22T21:44:35","date_gmt":"2020-01-22T20:44:35","guid":{"rendered":"http:\/\/pomme-d-amap.org\/?p=1083"},"modified":"2020-01-22T21:44:35","modified_gmt":"2020-01-22T20:44:35","slug":"distribution-du-mardi-21-janvier-2020","status":"publish","type":"post","link":"https:\/\/pomme-d-amap.org\/index.php\/2020\/01\/22\/distribution-du-mardi-21-janvier-2020\/","title":{"rendered":"Distribution du mardi 21 janvier 2020"},"content":{"rendered":"\n<p> Salut \u00e0 tous,<br>Enfin une semaine hivernale qui vient de d\u00e9buter. Certes, \u00e7a ne descend pas tr\u00e8s bas, mais assez pour nous faire mettre les bonnets! Et en plus, on a droit \u00e0 un beau soleil d&rsquo;hiver&#8230;Profitons-en! On continue \u00e0 avancer \u00e0 St Augustin entre petits travaux et plantations qui s&rsquo;intensifient: M\u00e2che, laitues et navets sous abri la semaine derni\u00e8re, les serres commencent \u00e0 bien se remplir&#8230;Esp\u00e9rons que le temps sec nous permette d&rsquo;avancer le travail du sol en ext\u00e9rieur pour pr\u00e9parer la saison mais c&rsquo;est encore trop humide pour le moment&#8230;A ce propos, les projets d&rsquo;am\u00e9lioration de l&rsquo;hydromorphie de la parcelle sont en route: Deux mares sont pr\u00e9vues dans le bas du terrain. J&rsquo;attends les devis pour lancer l&rsquo;un et\/ou l&rsquo;autre rapidement..Et puis, si \u00e7a n&rsquo;aide pas \u00e0 d\u00e9sengorger le terrain, \u00e7a am\u00e8nera de la biodiversit\u00e9: Grenouille, poissons, etc&#8230;Apr\u00e8s les arbres fruitiers, \u00e7a va commencer \u00e0 avoir de la gueule! Voici votre panier:<\/p>\n\n\n\n<ul class=\"wp-block-list\"><li>Pommes de terre 1,5 kg \/ 750 g<\/li><li>Courge musqu\u00e9e de Provence 1 part \/ 1\/2 part (2 kg \/ 1 kg)<\/li><li>Betteraves 800 g \/ 400 g<\/li><li>Fenouil 2 \/ 1<\/li><li>Choux de Pontoise 1 gros \/ 1 petit<\/li><li>M\u00e2che (quantit\u00e9 selon r\u00e9colte)<\/li><li>Romarin 1 brin \/ 1<\/li><\/ul>\n\n\n\n<p><br>Voil\u00e0, bonne soir\u00e9e et \u00e0 demain!<br>Marc <\/p>\n","protected":false},"excerpt":{"rendered":"<p>Salut \u00e0 tous,Enfin une semaine hivernale qui vient de d\u00e9buter. Certes, \u00e7a ne descend pas tr\u00e8s bas, mais assez pour nous faire mettre les bonnets! Et en plus, on a droit \u00e0 un beau soleil d&rsquo;hiver&#8230;Profitons-en! On continue \u00e0 avancer \u00e0 St Augustin entre petits travaux et plantations qui s&rsquo;intensifient: M\u00e2che, laitues et navets sous &hellip; <a href=\"https:\/\/pomme-d-amap.org\/index.php\/2020\/01\/22\/distribution-du-mardi-21-janvier-2020\/\" class=\"more-link\">Continuer la lecture de <span class=\"screen-reader-text\">Distribution du mardi 21 janvier 2020<\/span>  <span class=\"meta-nav\">&rarr;<\/span><\/a><\/p>\n","protected":false},"author":1,"featured_media":0,"comment_status":"closed","ping_status":"closed","sticky":false,"template":"","format":"standard","meta":{"footnotes":""},"categories":[11],"tags":[],"class_list":["post-1083","post","type-post","status-publish","format-standard","hentry","category-distributions"],"_links":{"self":[{"href":"https:\/\/pomme-d-amap.org\/index.php\/wp-json\/wp\/v2\/posts\/1083","targetHints":{"allow":["GET"]}}],"collection":[{"href":"https:\/\/pomme-d-amap.org\/index.php\/wp-json\/wp\/v2\/posts"}],"about":[{"href":"https:\/\/pomme-d-amap.org\/index.php\/wp-json\/wp\/v2\/types\/post"}],"author":[{"embeddable":true,"href":"https:\/\/pomme-d-amap.org\/index.php\/wp-json\/wp\/v2\/users\/1"}],"replies":[{"embeddable":true,"href":"https:\/\/pomme-d-amap.org\/index.php\/wp-json\/wp\/v2\/comments?post=1083"}],"version-history":[{"count":1,"href":"https:\/\/pomme-d-amap.org\/index.php\/wp-json\/wp\/v2\/posts\/1083\/revisions"}],"predecessor-version":[{"id":1084,"href":"https:\/\/pomme-d-amap.org\/index.php\/wp-json\/wp\/v2\/posts\/1083\/revisions\/1084"}],"wp:attachment":[{"href":"https:\/\/pomme-d-amap.org\/index.php\/wp-json\/wp\/v2\/media?parent=1083"}],"wp:term":[{"taxonomy":"category","embeddable":true,"href":"https:\/\/pomme-d-amap.org\/index.php\/wp-json\/wp\/v2\/categories?post=1083"},{"taxonomy":"post_tag","embeddable":true,"href":"https:\/\/pomme-d-amap.org\/index.php\/wp-json\/wp\/v2\/tags?post=1083"}],"curies":[{"name":"wp","href":"https:\/\/api.w.org\/{rel}","templated":true}]}}