{"id":1168,"date":"2020-03-11T22:39:45","date_gmt":"2020-03-11T21:39:45","guid":{"rendered":"http:\/\/pomme-d-amap.org\/?p=1168"},"modified":"2020-03-11T22:39:45","modified_gmt":"2020-03-11T21:39:45","slug":"distribution-du-mardi-10-mars-2020","status":"publish","type":"post","link":"https:\/\/pomme-d-amap.org\/index.php\/2020\/03\/11\/distribution-du-mardi-10-mars-2020\/","title":{"rendered":"Distribution du mardi 10 mars 2020"},"content":{"rendered":"\n<p> Salut \u00e0 tous,<br>\u00e7a se calme un peu au niveau du temps&#8230;un peu moins de pluie, nettement moins de vent, on aper\u00e7oit un semblant d&rsquo;accalmie et peut-\u00eatre quelques perspectives de travail dans les champs dans les jours \u00e0 venir, qui sait? En attendant, \u00e7a continue \u00e0 pousser dans les serres, nous avons sem\u00e9 des radis et pulv\u00e9ris\u00e9 une d\u00e9coction de pr\u00eale et d&rsquo;ortie pour dynamiser et renforcer tout \u00e7a. Nous avons \u00e9galement commenc\u00e9 les semis en motte d&rsquo;oignons doux (repiquage en terre dans un mois et demi) et rang\u00e9 la hangar pour bien attaquer la saison. Nous ferons certainement un premier samedi collectif aux alentours du 10 avril pour la plantation des tomates ou des oignons, nous vous tiendrons au courant rapidement!Voici votre panier:<\/p>\n\n\n\n<ul class=\"wp-block-list\"><li>Pommes de terre 1,5 kg \/ 750 g<\/li><li>Radis noirs 800 g \/ 400 g<\/li><li>Betteraves 800 g \/ 400 g<\/li><li>\u00c9pinards ( quantit\u00e9 selon r\u00e9colte)<\/li><li>Pourpier \/ Mizuna (quantit\u00e9 selon r\u00e9colte)<\/li><\/ul>\n\n\n\n<p><br>Voil\u00e0, bonne nuit et \u00e0 demain!<br>Marc <\/p>\n","protected":false},"excerpt":{"rendered":"<p>Salut \u00e0 tous,\u00e7a se calme un peu au niveau du temps&#8230;un peu moins de pluie, nettement moins de vent, on aper\u00e7oit un semblant d&rsquo;accalmie et peut-\u00eatre quelques perspectives de travail dans les champs dans les jours \u00e0 venir, qui sait? En attendant, \u00e7a continue \u00e0 pousser dans les serres, nous avons sem\u00e9 des radis et &hellip; <a href=\"https:\/\/pomme-d-amap.org\/index.php\/2020\/03\/11\/distribution-du-mardi-10-mars-2020\/\" class=\"more-link\">Continuer la lecture de <span class=\"screen-reader-text\">Distribution du mardi 10 mars 2020<\/span>  <span class=\"meta-nav\">&rarr;<\/span><\/a><\/p>\n","protected":false},"author":1,"featured_media":0,"comment_status":"closed","ping_status":"closed","sticky":false,"template":"","format":"standard","meta":{"footnotes":""},"categories":[11],"tags":[],"class_list":["post-1168","post","type-post","status-publish","format-standard","hentry","category-distributions"],"_links":{"self":[{"href":"https:\/\/pomme-d-amap.org\/index.php\/wp-json\/wp\/v2\/posts\/1168","targetHints":{"allow":["GET"]}}],"collection":[{"href":"https:\/\/pomme-d-amap.org\/index.php\/wp-json\/wp\/v2\/posts"}],"about":[{"href":"https:\/\/pomme-d-amap.org\/index.php\/wp-json\/wp\/v2\/types\/post"}],"author":[{"embeddable":true,"href":"https:\/\/pomme-d-amap.org\/index.php\/wp-json\/wp\/v2\/users\/1"}],"replies":[{"embeddable":true,"href":"https:\/\/pomme-d-amap.org\/index.php\/wp-json\/wp\/v2\/comments?post=1168"}],"version-history":[{"count":1,"href":"https:\/\/pomme-d-amap.org\/index.php\/wp-json\/wp\/v2\/posts\/1168\/revisions"}],"predecessor-version":[{"id":1169,"href":"https:\/\/pomme-d-amap.org\/index.php\/wp-json\/wp\/v2\/posts\/1168\/revisions\/1169"}],"wp:attachment":[{"href":"https:\/\/pomme-d-amap.org\/index.php\/wp-json\/wp\/v2\/media?parent=1168"}],"wp:term":[{"taxonomy":"category","embeddable":true,"href":"https:\/\/pomme-d-amap.org\/index.php\/wp-json\/wp\/v2\/categories?post=1168"},{"taxonomy":"post_tag","embeddable":true,"href":"https:\/\/pomme-d-amap.org\/index.php\/wp-json\/wp\/v2\/tags?post=1168"}],"curies":[{"name":"wp","href":"https:\/\/api.w.org\/{rel}","templated":true}]}}