{"id":1170,"date":"2020-03-21T15:03:24","date_gmt":"2020-03-21T14:03:24","guid":{"rendered":"http:\/\/pomme-d-amap.org\/?p=1170"},"modified":"2020-03-21T15:03:24","modified_gmt":"2020-03-21T14:03:24","slug":"annulation-de-la-distribution-du-17-mars","status":"publish","type":"post","link":"https:\/\/pomme-d-amap.org\/index.php\/2020\/03\/21\/annulation-de-la-distribution-du-17-mars\/","title":{"rendered":"ANNULATION DE LA DISTRIBUTION du 17 MARS"},"content":{"rendered":"\n<p>\n\nSalut \u00e0 tous,<br>Bon, vous vous imaginez bien que je ne vais pas vous parler de la pluie et du beau temps, m\u00eame si ce dernier semble vouloir revenir et que ce n&rsquo;est pas n\u00e9gligeable&#8230;. Nous sommes depuis quelques jours pass\u00e9s par tous les \u00e9tats, avons discut\u00e9 de toutes les possibilit\u00e9s, chang\u00e9 d&rsquo;avis toutes les quinze secondes et regard\u00e9 la situation \u00e9voluer avec sid\u00e9ration&#8230;Ceci dit, nous sommes bien oblig\u00e9s de prendre une d\u00e9cision, aussi difficile soit-elle, face \u00e0 cette situation exceptionnelle. Je tiens \u00e0 vous dire que la dimension l\u00e9gale &#8211; en gros, repr\u00e9sentons-nous en tant qu&rsquo;amap le champ des besoins alimentaires et nos d\u00e9placements en ce sens sont-ils justifi\u00e9s?- a pes\u00e9 dans la balance mais pas que&#8230;Je vous parle en tant que citoyen, membre d&rsquo;une communaut\u00e9 humaine qui se refuse \u00e0 participer \u00e0 la moindre prise de risque quant \u00e0 la contamination de proches, amis, connaissances, coll\u00e8gues et autres voisins. Que vaut une distribution par rapport aux enjeux en cours? Que vaut le soulagement de gagner une livraison par rapport \u00e0 la sant\u00e9 des plus vuln\u00e9rables, de nos anciens notamment? Jusqu&rsquo;\u00e0 ce soir, j&rsquo;\u00e9tais pr\u00eat \u00e0 participer \u00e0 l&rsquo;organisation de distributions ma\u00eetris\u00e9es,avec une grosse limitation des regroupements, des manipulations de caisses et de l\u00e9gumes et un \u00e9chelonnement des all\u00e9es et venues au \u00ab\u00a0cul du camion\u00a0\u00bb car comme vous le savez, plus aucune salle, municipale ou associative n&rsquo;est disponible dans ces circonstances pour nos affaires&#8230;Mais les derni\u00e8res d\u00e9cisions gouvernementales m&rsquo;ont dissuad\u00e9 de naviguer \u00e0 vue, trop de flou \u00e0 tous les niveaux, trop d&rsquo;inconnues sur les jours \u00e0 venir&#8230;La limitation provisoire \u00e0 15 jours des mesures restrictives m&rsquo;aident aussi \u00e0 relativiser et attendre patiemment l&rsquo;\u00e9volution de la situation avant de reprendre le cours normal des choses. En attendant, partant du principe qu&rsquo;il y aura rapidement des jours meilleurs gr\u00e2ce entre autre \u00e0 notre prise de conscience collective du probl\u00e8me, je suspends les distributions pour une ou deux semaines et reste en contact avec les bureaux et responsables de vos amaps pour trouver les meilleures solutions dans les jours \u00e0 venir. Je remercie pour leur investissement et leur soutien Vincent, Julie et les autres pour le Kremlin, Ga\u00eblle et H\u00e9l\u00e8ne pour Ivry qui feraient bien de dormir un peu et l&rsquo;amap de Paris dans son ensemble pour les \u00e9changes whats&rsquo;s app (!) et particuli\u00e8rement Isabelle pour avoir r\u00e9affirm\u00e9 avec force l&rsquo;engagement des amap vis-a-vis de producteurs.&nbsp; Je remercie aussi Lucile qui \u00e9tait pr\u00eate \u00e0 braver les \u00e9l\u00e9ments pour assurer la continuit\u00e9 des distributions \u00ab\u00a0quoi qu&rsquo;il en co\u00fbte\u00a0\u00bb . Bruno et Katia sont au courant depuis 30 mn de l&rsquo;annulation cette semaine et j\u2019encourage chaque amap \u00e0 discuter avec chaque producteur des modalit\u00e9s de fonctionnement pour les jours \u00e0 venir. Des possibilit\u00e9s de retrait de panier \u00e0 la ferme ne sont pas \u00e0 exclure si les d\u00e9placements individuels le permettent&#8230;en cours de r\u00e9flexion&#8230;Je vous embrasse.<br>Marc\n\n<\/p>\n","protected":false},"excerpt":{"rendered":"<p>Salut \u00e0 tous,Bon, vous vous imaginez bien que je ne vais pas vous parler de la pluie et du beau temps, m\u00eame si ce dernier semble vouloir revenir et que ce n&rsquo;est pas n\u00e9gligeable&#8230;. Nous sommes depuis quelques jours pass\u00e9s par tous les \u00e9tats, avons discut\u00e9 de toutes les possibilit\u00e9s, chang\u00e9 d&rsquo;avis toutes les quinze &hellip; <a href=\"https:\/\/pomme-d-amap.org\/index.php\/2020\/03\/21\/annulation-de-la-distribution-du-17-mars\/\" class=\"more-link\">Continuer la lecture de <span class=\"screen-reader-text\">ANNULATION DE LA DISTRIBUTION du 17 MARS<\/span>  <span class=\"meta-nav\">&rarr;<\/span><\/a><\/p>\n","protected":false},"author":1,"featured_media":0,"comment_status":"closed","ping_status":"closed","sticky":false,"template":"","format":"standard","meta":{"footnotes":""},"categories":[11],"tags":[],"class_list":["post-1170","post","type-post","status-publish","format-standard","hentry","category-distributions"],"_links":{"self":[{"href":"https:\/\/pomme-d-amap.org\/index.php\/wp-json\/wp\/v2\/posts\/1170","targetHints":{"allow":["GET"]}}],"collection":[{"href":"https:\/\/pomme-d-amap.org\/index.php\/wp-json\/wp\/v2\/posts"}],"about":[{"href":"https:\/\/pomme-d-amap.org\/index.php\/wp-json\/wp\/v2\/types\/post"}],"author":[{"embeddable":true,"href":"https:\/\/pomme-d-amap.org\/index.php\/wp-json\/wp\/v2\/users\/1"}],"replies":[{"embeddable":true,"href":"https:\/\/pomme-d-amap.org\/index.php\/wp-json\/wp\/v2\/comments?post=1170"}],"version-history":[{"count":1,"href":"https:\/\/pomme-d-amap.org\/index.php\/wp-json\/wp\/v2\/posts\/1170\/revisions"}],"predecessor-version":[{"id":1171,"href":"https:\/\/pomme-d-amap.org\/index.php\/wp-json\/wp\/v2\/posts\/1170\/revisions\/1171"}],"wp:attachment":[{"href":"https:\/\/pomme-d-amap.org\/index.php\/wp-json\/wp\/v2\/media?parent=1170"}],"wp:term":[{"taxonomy":"category","embeddable":true,"href":"https:\/\/pomme-d-amap.org\/index.php\/wp-json\/wp\/v2\/categories?post=1170"},{"taxonomy":"post_tag","embeddable":true,"href":"https:\/\/pomme-d-amap.org\/index.php\/wp-json\/wp\/v2\/tags?post=1170"}],"curies":[{"name":"wp","href":"https:\/\/api.w.org\/{rel}","templated":true}]}}