{"id":1194,"date":"2020-04-20T21:40:24","date_gmt":"2020-04-20T20:40:24","guid":{"rendered":"http:\/\/pomme-d-amap.org\/?p=1194"},"modified":"2020-04-20T21:40:24","modified_gmt":"2020-04-20T20:40:24","slug":"jean-pierre-prepare-la-transition-et-nous-donne-des-nouvelles","status":"publish","type":"post","link":"https:\/\/pomme-d-amap.org\/index.php\/2020\/04\/20\/jean-pierre-prepare-la-transition-et-nous-donne-des-nouvelles\/","title":{"rendered":"Jean-Pierre pr\u00e9pare la transition&#8230; et nous donne des nouvelles."},"content":{"rendered":"\n<p>Bonjour \u00e0 tous,<\/p>\n\n\n\n<p><br>J&rsquo;esp\u00e8re que vous et vos proches allez bien malgr\u00e9 cette p\u00e9riode confin\u00e9e. Tout d&rsquo;abord un grand merci de nous soutenir dans ces moments difficiles et de continuer \u00e0 distribuer. Le confinement est loin d&rsquo;\u00eatre une science exacte.<\/p>\n\n\n\n<p>Je tenais \u00e0 prendre quelques minutes pour vous donner quelques nouvelles de mon activit\u00e9 au sein des champs des possibles et de surtout de ma future activit\u00e9. Il me reste environ 2 mois et demi d&rsquo;activit\u00e9 au sein des champs des possibles, je devrais finir pour fin juin, sachant qu&rsquo;il me restera les poulaillers \u00e0 nettoyer, \u00e7a devrait m&#8217;emmener au 15 juillet maximum.<\/p>\n\n\n\n<p>Pendant ce temps l\u00e0, je pr\u00e9pare mon installation personnelle, celle ci va se faire \u00e0 <strong>Melz sur seine<\/strong> (77171), mon fr\u00e8re (Nicolas) va me r\u00e9troceder 2ha50\u00a0sur la ferme familiale, c&rsquo;est une ferme qui fait 106 ha\u00a0en bio sur laquelle mon fr\u00e8re exploite des c\u00e9r\u00e9ales, des betteraves, des pommes de terre, des carottes, des haricots verts et luzerne, sans oublier des groseilliers, cassisiers\u00a0, framboisiers et des pommiers pour faire du jus de pommes.<\/p>\n\n\n\n<p>Depuis son passage en bio (conversion en 2014), il a remis 4 km 500\u00a0de haies autour des champs plus tous les pommiers et petits fruits rouge en agro foresterie. J&rsquo;oubliais, il a aussi 720 poules pondeuses.<\/p>\n\n\n\n<p>Je vais donc m&rsquo;installer au milieu de touts\u00a0ces projets, sur les 2ha50 je vais donc installer 2 poulaillers pondeuses de 140 m\u00b2 soit environ 1500 poules pondeuses, il y aura aussi 6 poulaillers de 60 m\u00b2 pour les poulets de chairs afin de pouvoir sortir entre 600 et 650 poulets-pintades par mois.<\/p>\n\n\n\n<p>Je souhaite rester \u00e0 taille humaine mais j&rsquo;ai privil\u00e9gi\u00e9 l&rsquo;automatisation de l&rsquo;alimentation et du ramassage des oeufs afin de gagner du temps et surtout pouvoir me faire remplacer le weekend, en effet Nicolas ayant aussi de l&rsquo;\u00e9levage il est pris tous les weekend aussi donc nous pourrions trouver une solution pour se remplacer r\u00e9guli\u00e8rement.\u00a0<\/p>\n\n\n\n<p>Le projet va se chiffrer dans les 300 000\u20ac TTC avec en gros 40 000\u20ac de TVA et 100 000\u20ac mini de subventions. Le pr\u00e9visionnel est fait et plut\u00f4t bon, la MSA est contact\u00e9e, le dossier est en route, j&rsquo;attends le retour de la chambre d&rsquo;agriculture pour mon d\u00e9but d&rsquo;activit\u00e9 (CFE) et je dois d\u00e9poser mon dossier d&rsquo;autorisation d&rsquo;exploiter aupr\u00e8s de la DDT.<\/p>\n\n\n\n<p>Il me reste \u00e0 monter le dossier de subventions, j&rsquo;ai pratiquement tous\u00a0les devis reste \u00e0 tout mettre en musique. La banque (cr\u00e9dit agricole) me confirme vouloir me suivre et crois en mon projet, la seule chose qu&rsquo;il me demande, c&rsquo;est d&rsquo;avoir <strong>un autofinancement de 8 \u00e0 10 000\u20ac<\/strong>, je pense le financer gr\u00e2ce\u00a0\u00e0 un <strong>crowdfunding<\/strong> sur la plateforme KissKissBankBank ;<\/p>\n\n\n\n<p><a href=\"https:\/\/www.kisskissbankbank.com\/fr\/projects\/aidez-moi-a-creer-ma-ferme-avicole-bio-en-commercialisation-circuit-court\">https:\/\/www.kisskissbankbank.com\/fr\/projects\/aidez-moi-a-creer-ma-ferme-avicole-bio-en-commercialisation-circuit-court<\/a><\/p>\n\n\n\n<p>J&rsquo;esp\u00e8re pouvoir d\u00e9marrer un premier lot de poulets de chair \u00e0 la mi-juin afin de sortir les premiers poulets mi-fin septembre. Pour les poules pondeuses, c&rsquo;est l\u00e9g\u00e8rement plus compliqu\u00e9 puisque je ne pourrais pas avoir de poulaillers avant le 15 septembre (il est pr\u00e9vu un montage de 15 jours par des professionnels pour chaque poulailler). Esp\u00e9rons que cette pand\u00e9mie ne nous mette pas de b\u00e2tons\u00a0dans les roues et ne retarde pas le projet, pour l&rsquo;instant \u00e7a justifie notre m\u00e9tier et surtout nous aide \u00e0 d\u00e9velopper l&rsquo;activit\u00e9.<\/p>\n\n\n\n<p>Voil\u00e0 la situation \u00e0 ce jour, n&rsquo;h\u00e9sitez pas \u00e0 me revenir si vous avez des questions.<\/p>\n\n\n\n<p>A tr\u00e8s bient\u00f4t et prenez soin de vous et de vos proches.<\/p>\n","protected":false},"excerpt":{"rendered":"<p>Dans l&rsquo;objectif d&rsquo;installer 8 poulaillers sur l&rsquo;exploitation familila, Jean-Pierre fait appel au crowdfunding !<\/p>\n","protected":false},"author":1,"featured_media":0,"comment_status":"closed","ping_status":"closed","sticky":false,"template":"","format":"standard","meta":{"footnotes":""},"categories":[18],"tags":[],"class_list":["post-1194","post","type-post","status-publish","format-standard","hentry","category-vie-de-lasso"],"_links":{"self":[{"href":"https:\/\/pomme-d-amap.org\/index.php\/wp-json\/wp\/v2\/posts\/1194","targetHints":{"allow":["GET"]}}],"collection":[{"href":"https:\/\/pomme-d-amap.org\/index.php\/wp-json\/wp\/v2\/posts"}],"about":[{"href":"https:\/\/pomme-d-amap.org\/index.php\/wp-json\/wp\/v2\/types\/post"}],"author":[{"embeddable":true,"href":"https:\/\/pomme-d-amap.org\/index.php\/wp-json\/wp\/v2\/users\/1"}],"replies":[{"embeddable":true,"href":"https:\/\/pomme-d-amap.org\/index.php\/wp-json\/wp\/v2\/comments?post=1194"}],"version-history":[{"count":1,"href":"https:\/\/pomme-d-amap.org\/index.php\/wp-json\/wp\/v2\/posts\/1194\/revisions"}],"predecessor-version":[{"id":1195,"href":"https:\/\/pomme-d-amap.org\/index.php\/wp-json\/wp\/v2\/posts\/1194\/revisions\/1195"}],"wp:attachment":[{"href":"https:\/\/pomme-d-amap.org\/index.php\/wp-json\/wp\/v2\/media?parent=1194"}],"wp:term":[{"taxonomy":"category","embeddable":true,"href":"https:\/\/pomme-d-amap.org\/index.php\/wp-json\/wp\/v2\/categories?post=1194"},{"taxonomy":"post_tag","embeddable":true,"href":"https:\/\/pomme-d-amap.org\/index.php\/wp-json\/wp\/v2\/tags?post=1194"}],"curies":[{"name":"wp","href":"https:\/\/api.w.org\/{rel}","templated":true}]}}