{"id":1206,"date":"2020-04-21T09:04:50","date_gmt":"2020-04-21T08:04:50","guid":{"rendered":"http:\/\/pomme-d-amap.org\/?p=1206"},"modified":"2020-04-21T09:05:39","modified_gmt":"2020-04-21T08:05:39","slug":"distribution-du-mardi-21-avril-2020-le-mot-de-marc","status":"publish","type":"post","link":"https:\/\/pomme-d-amap.org\/index.php\/2020\/04\/21\/distribution-du-mardi-21-avril-2020-le-mot-de-marc\/","title":{"rendered":"Distribution  du mardi 21 avril 2020 &#8211; le mot de Marc !"},"content":{"rendered":"\n<p>Salut \u00e0 tous,<\/p>\n\n\n\n<p><br>Cette fois, c&rsquo;est s\u00fbr&#8230;on est dans le jus! Avril a comme d&rsquo;habitude sonn\u00e9 le d\u00e9but des hostilit\u00e9s sur le mode guerrier et chaque chantier termin\u00e9 laisse la place \u00e0 un nouveau aussi exigeant et chronophage! En m\u00eame temps, la p\u00e9riode n&rsquo;est pas propice au questionnement, plut\u00f4t \u00e0 l\u2019action et ce n&rsquo;est pas plus mal&#8230;Nous avons plant\u00e9 la premi\u00e8re s\u00e9rie de tomates, l&rsquo;ensemble des oignons de conservation (18 planches quand m\u00eame!), des laitues et continu\u00e9 la pr\u00e9paration du sol pour les prochaines cultures. Nous avons termin\u00e9 la pr\u00e9paration des planches de pommes de terre de conservation (compost, engrais organique) et nous les plantons jeudi. Malgr\u00e9 votre absence forc\u00e9e, nous sommes pour le moment dans les temps et les perspectives \u00e0 court terme ne laissent pas de place au doute! Pourvu que \u00e7a dure! Voici votre panier:<\/p>\n\n\n\n<ul class=\"wp-block-list\"><li>Pommes de terre 1,5 kg \/ 750 g<\/li><li>Carottes 1 kg \/ 500 g<\/li><li>Choux Pak-Cho\u00ef 2\/1 ou 1 gros \/ 1 petit<\/li><li>Radis gla\u00e7on (quantit\u00e9 selon r\u00e9colte)<\/li><li>Laitues 1\/1<\/li><li>C\u00e9leri ou \u00e9chalotes (comptage et r\u00e9partition demain)<\/li><\/ul>\n\n\n\n<p>Voil\u00e0, bonne nuit et \u00e0 demain!<br>Marc<\/p>\n","protected":false},"excerpt":{"rendered":"<p>Salut \u00e0 tous, Cette fois, c&rsquo;est s\u00fbr&#8230;on est dans le jus! Avril a comme d&rsquo;habitude sonn\u00e9 le d\u00e9but des hostilit\u00e9s sur le mode guerrier et chaque chantier termin\u00e9 laisse la place \u00e0 un nouveau aussi exigeant et chronophage! En m\u00eame temps, la p\u00e9riode n&rsquo;est pas propice au questionnement, plut\u00f4t \u00e0 l\u2019action et ce n&rsquo;est pas &hellip; <a href=\"https:\/\/pomme-d-amap.org\/index.php\/2020\/04\/21\/distribution-du-mardi-21-avril-2020-le-mot-de-marc\/\" class=\"more-link\">Continuer la lecture de <span class=\"screen-reader-text\">Distribution  du mardi 21 avril 2020 &#8211; le mot de Marc !<\/span>  <span class=\"meta-nav\">&rarr;<\/span><\/a><\/p>\n","protected":false},"author":1,"featured_media":0,"comment_status":"closed","ping_status":"closed","sticky":false,"template":"","format":"standard","meta":{"footnotes":""},"categories":[11],"tags":[],"class_list":["post-1206","post","type-post","status-publish","format-standard","hentry","category-distributions"],"_links":{"self":[{"href":"https:\/\/pomme-d-amap.org\/index.php\/wp-json\/wp\/v2\/posts\/1206","targetHints":{"allow":["GET"]}}],"collection":[{"href":"https:\/\/pomme-d-amap.org\/index.php\/wp-json\/wp\/v2\/posts"}],"about":[{"href":"https:\/\/pomme-d-amap.org\/index.php\/wp-json\/wp\/v2\/types\/post"}],"author":[{"embeddable":true,"href":"https:\/\/pomme-d-amap.org\/index.php\/wp-json\/wp\/v2\/users\/1"}],"replies":[{"embeddable":true,"href":"https:\/\/pomme-d-amap.org\/index.php\/wp-json\/wp\/v2\/comments?post=1206"}],"version-history":[{"count":2,"href":"https:\/\/pomme-d-amap.org\/index.php\/wp-json\/wp\/v2\/posts\/1206\/revisions"}],"predecessor-version":[{"id":1208,"href":"https:\/\/pomme-d-amap.org\/index.php\/wp-json\/wp\/v2\/posts\/1206\/revisions\/1208"}],"wp:attachment":[{"href":"https:\/\/pomme-d-amap.org\/index.php\/wp-json\/wp\/v2\/media?parent=1206"}],"wp:term":[{"taxonomy":"category","embeddable":true,"href":"https:\/\/pomme-d-amap.org\/index.php\/wp-json\/wp\/v2\/categories?post=1206"},{"taxonomy":"post_tag","embeddable":true,"href":"https:\/\/pomme-d-amap.org\/index.php\/wp-json\/wp\/v2\/tags?post=1206"}],"curies":[{"name":"wp","href":"https:\/\/api.w.org\/{rel}","templated":true}]}}