{"id":1209,"date":"2020-04-27T21:12:18","date_gmt":"2020-04-27T20:12:18","guid":{"rendered":"http:\/\/pomme-d-amap.org\/?p=1209"},"modified":"2020-04-27T21:12:18","modified_gmt":"2020-04-27T20:12:18","slug":"distribution-du-mardi-28-avril-consignes","status":"publish","type":"post","link":"https:\/\/pomme-d-amap.org\/index.php\/2020\/04\/27\/distribution-du-mardi-28-avril-consignes\/","title":{"rendered":"Distribution du mardi 28 avril &#8211; consignes"},"content":{"rendered":"\n<p>Bonsoir \u00e0 tous,&nbsp;<\/p>\n\n\n\n<p>j\u2019esp\u00e8re que vous allez pour le mieux et que chacun d\u2019entre vous tient le coup face au confinement.Comme chaque semaine, nous\u00a0<strong>continuons<\/strong>\u00a0\u00e0 mettre en oeuvre les distributions\u00a0<strong>sur le mod\u00e8le des pr\u00e9c\u00e9dents mardi<\/strong>.Je vous rappelle donc les am\u00e9nagements pris pour que nous\u00a0<strong>agissions de mani\u00e8re responsable<\/strong>\u00a0face \u00e0 la situation sanitaire et\u00a0<strong>en toute l\u00e9galit\u00e9 :<\/strong><\/p>\n\n\n\n<p>1) La distribution aura \u00e0 nouveau lieu au\u00a0<strong>80 rue Jean Le Galleu<\/strong>\u00a0(portail vert) ;<\/p>\n\n\n\n<p>2) La distribution aura lieu le\u00a0<strong>mardi dans l\u2019apr\u00e8s-midi<\/strong>\u00a0\u00e0 un horaire que nous vous pr\u00e9ciserons lundi (<strong>se r\u00e9f\u00e9rer au lien<\/strong>\u00a0dans le corps de ce mail, probablement entre 16h00 et 17h30) ;<\/p>\n\n\n\n<p>3) La distribution concernera les\u00a0<strong>l\u00e9gumes,\u00a0<\/strong>\u00a0le\u00a0<strong>pain,\u00a0les produits grecs<\/strong>\u00a0;<\/p>\n\n\n\n<p>4) Les traditionnels postes de distribution et d\u2019ap\u00e9ro ne seront pas d\u00e9ploy\u00e9s et il n\u2019y aura que\u00a0<strong>5\u00a0distributeurs\u00a0<\/strong>qui\u00a0porteront des\u00a0<strong>gants<\/strong>\u00a0et pourront se d\u00e9sinfecter tr\u00e8s r\u00e9guli\u00e8rement les mains ;<\/p>\n\n\n\n<p>5) Nous vous demandons de\u00a0<strong>respecter TOUTES les recommandations<\/strong>\u00a0en vigueur : <\/p>\n\n\n\n<ul class=\"wp-block-list\"><li>se rendre \u00e0 la distribution muni de son\u00a0<strong>attestation de d\u00e9placement d\u00e9rogatoire<\/strong>\u00a0(cf pi\u00e8ce jointe) ; <\/li><li>respecter les\u00a0<strong>distances<\/strong>\u00a0entre chaque personne soit\u00a0<strong>minimum 1 m<\/strong>\u00a0; <\/li><li><strong>ne pas se serrer la main ou se faire la bise \/ l\u2019accolade<\/strong>\u00a0; <\/li><li><strong>se laver les mains\u00a0<\/strong>au savon ou se\u00a0d\u00e9sinfecter les mains avec du gel hydroalcoolique<strong>\u00a0\u00e0 votre arriv\u00e9e et \u00e0 votre d\u00e9part<\/strong>. Nous vous fournirons tout le n\u00e9cessaire ; <\/li><li>comme la semaine derni\u00e8re, nous ne voulons prendre aucun risque vis-\u00e0-vis des\u00a0<strong>personnes les plus vuln\u00e9rables<\/strong>. Aussi, nous demandons\u00a0instamment \u00e0 ces personnes (<strong>\u00e2g\u00e9es de plus de 70 ans et \/ ou pr\u00e9sentant une maladie chronique) de NE PAS VENIR<\/strong>. Cette d\u00e9cision est, je pense, aussi difficile \u00e0 subir qu\u2019\u00e0 prendre car nous avons conscience de vous emp\u00eacher de vous d\u00e9gourdir un peu les pattes et de voir du monde. Mais, justement, ce dernier point est pr\u00e9cis\u00e9ment&#8230; le but du confinement ! <\/li><li>de\u00a0<strong>rester au niveau du portail<\/strong>\u00a0;<\/li><\/ul>\n\n\n\n<p>6) Afin de nous aider \u00e0 y voir plus clair, nous vous demandons de\u00a0<strong>remplir le document partag\u00e9<\/strong>\u00a0(cf lien dans le mail). Le but est de\u00a0<strong>r\u00e9duire au maximum le nombre de personnes<\/strong>\u00a0venant chercher des paniers en faisant marcher l\u2019entraide entre nous.Nous demandons donc :<\/p>\n\n\n\n<ul class=\"wp-block-list\"><li> aux personnes partageant un panier de\u00a0<strong>se mettre d\u2019accord en amont<\/strong>\u00a0pour savoir qui aura le panier cette semaine ; <\/li><li>aux personnes\u00a0<strong>partageant un pain<\/strong>\u00a0de ne pas le couper en deux mais de fonctionner en le prenant\u00a0<strong>une semaine sur deux<\/strong>\u00a0; <\/li><li>aux personnes qui ne\u00a0<strong>peuvent \/ veulent pas se d\u00e9placer<\/strong>\u00a0de nous signaler si elles ont\u00a0<strong>besoin qu\u2019on leur d\u00e9pose leur panier<\/strong>\u00a0; <\/li><li>aux\u00a0<strong>personnes volontaires<\/strong>\u00a0pour aller\u00a0<strong>d\u00e9poser les paniers<\/strong>\u00a0de le signaler sur le fichier ; <\/li><li>aux personnes qui souhaitent\u00a0<strong>revendre \/ donner\u00a0<\/strong>leur panier de le faire\u00a0<strong>UNIQUEMENT avec des adh\u00e9rents<\/strong>\u00a0(= paniers r\u00e9guliers + intermittents) de l\u2019AMAP car la Mairie ne nous donne l\u2019autorisation de maintenir les distributions que pour nos adh\u00e9rents. Donc\u00a0<strong>pas de voisin, ami, famille, coll\u00e8gue<\/strong>\u00a0pour le moment. <\/li><li>aux personnes qui\u00a0<strong>ne souhaitent pas r\u00e9cup\u00e9rer de panier<\/strong>\u00a0cette semaine de\u00a0<strong>nous le signaler<\/strong>. Nous avons en effet conscience que certains d\u2019entre vous ne pourront ou ne souhaiteront peut-\u00eatre pas prendre le risque de se d\u00e9placer et nous le comprenons. Cependant nous cherchons \u00e0\u00a0<strong>minimiser le volume de rab\u00a0<\/strong>qu\u2019il restera \u00e0 Marc \u00e0 la fin de la distribution. <\/li><li>beaucoup d\u2019entre vous sont\u00a0<strong>voisins et des\u00a0<u>bin\u00f4mes<\/u>\u00a0ont \u00e9t\u00e9 constitu\u00e9s<\/strong>. S\u2019il vous pla\u00eet,\u00a0<strong>organisez-vous entre vous<\/strong>\u00a0pour que l\u2019un d\u2019entre vous puisse prendre le(s) panier(s) de son \/ ses voisins. Vous pouvez m\u00eame organiser un roulement entre vous au fil des semaines, les solutions sont nombreuses ! <\/li><li>pour certains, les\u00a0<strong>bin\u00f4mes peuvent \u00eatre modifi\u00e9s \u00e0 cause des paniers partag\u00e9s<\/strong>. N\u2019h\u00e9sitez pas \u00e0\u00a0<strong>revenir vers nous<\/strong>\u00a0si tel est le cas pour que nous vous rapprochions d\u2019autres voisins.\u00a0 <\/li><li>d\u2019autre part, pour cette distribution, il est plus que jamais important de\u00a0<strong>remplir toutes les cases relatives aux produits grecs<\/strong>. En effet,\u00a0<strong>les volumes (et le poids<\/strong>\u00a0qui va avec) des produits command\u00e9s\u00a0<strong>peuvent \u00eatre cons\u00e9quents<\/strong>\u00a0et ce tableau permettra aux\u00a0<strong>personnes volontaires<\/strong>\u00a0pour apporter les paniers \/\u00a0<strong>bin\u00f4mes<\/strong>\u00a0de\u00a0<strong>jauger leur capacit\u00e9 \u00e0 tout porter.\u00a0<\/strong>Aussi,<strong>\u00a0si votre bin\u00f4me ou vous ne vous sentez pas la possibilit\u00e9 de porter autant, n\u2019h\u00e9sitez pas \u00e0 nous le signaler au plus t\u00f4t<\/strong>. Nous trouverons des solutions !Ce lien est \u00e0\u00a0<strong>remplir le plus rapidement possible et\u00a0au plus tard dimanche soir<\/strong>\u00a0pour que Marc et Lucile aient une visibilit\u00e9 lors de la pr\u00e9paration de nos paniers.<\/li><\/ul>\n\n\n\n<p>7) Nous avons conscience que la distribution est g\u00e9n\u00e9ralement un moment de convivialit\u00e9 et d\u2019\u00e9change. Cependant, nous vous demanderons\u00a0<strong>ne pas rester<\/strong>\u00a0une fois que vous aurez r\u00e9cup\u00e9rer le \/ les panier(s).<\/p>\n\n\n\n<p>8) Pour le\u00a0<strong>d\u00e9p\u00f4t de panier \u00e0 domicile<\/strong>, nous vous demanderons de faire un \u00ab<strong>\u00a0d\u00e9p\u00f4t sans contact<\/strong>\u00a0\u00bb c\u2019est-\u00e0-dire que vous d\u00e9posez le panier devant le domicile de la personne qui r\u00e9cup\u00e8rera ses denr\u00e9es sans qu\u2019il y ait contact de main \u00e0 main. C\u2019est tr\u00e8s important.<\/p>\n\n\n\n<p>9) Enfin, de notre c\u00f4t\u00e9, nous vous assurerons d\u2019avoir\u00a0<strong>du savon, du gel hydroalcoolique, du sopalin pour tous<\/strong>,\u00a0<strong>des \u00e9ponges, du liquide vaisselle<\/strong>, des\u00a0<strong>gants pour les distributeurs<\/strong>, les\u00a0<strong>contrats et adh\u00e9sions<\/strong>\u00a0pour ceux qui veulent faire des copies pour justifier leur d\u00e9placement et surtout notre\u00a0<strong>sourire et notre bonne humeur.<\/strong><\/p>\n\n\n\n<p>Bonne week-end \u00e0 tous et \u00e0 vous les studios !<\/p>\n\n\n\n<p>H\u00e9l\u00e8ne et l\u2019ensemble du bureau<\/p>\n","protected":false},"excerpt":{"rendered":"<p>Bonsoir \u00e0 tous,&nbsp; j\u2019esp\u00e8re que vous allez pour le mieux et que chacun d\u2019entre vous tient le coup face au confinement.Comme chaque semaine, nous\u00a0continuons\u00a0\u00e0 mettre en oeuvre les distributions\u00a0sur le mod\u00e8le des pr\u00e9c\u00e9dents mardi.Je vous rappelle donc les am\u00e9nagements pris pour que nous\u00a0agissions de mani\u00e8re responsable\u00a0face \u00e0 la situation sanitaire et\u00a0en toute l\u00e9galit\u00e9 : 1) &hellip; <a href=\"https:\/\/pomme-d-amap.org\/index.php\/2020\/04\/27\/distribution-du-mardi-28-avril-consignes\/\" class=\"more-link\">Continuer la lecture de <span class=\"screen-reader-text\">Distribution du mardi 28 avril &#8211; consignes<\/span>  <span class=\"meta-nav\">&rarr;<\/span><\/a><\/p>\n","protected":false},"author":1,"featured_media":0,"comment_status":"closed","ping_status":"closed","sticky":false,"template":"","format":"standard","meta":{"footnotes":""},"categories":[11],"tags":[],"class_list":["post-1209","post","type-post","status-publish","format-standard","hentry","category-distributions"],"_links":{"self":[{"href":"https:\/\/pomme-d-amap.org\/index.php\/wp-json\/wp\/v2\/posts\/1209","targetHints":{"allow":["GET"]}}],"collection":[{"href":"https:\/\/pomme-d-amap.org\/index.php\/wp-json\/wp\/v2\/posts"}],"about":[{"href":"https:\/\/pomme-d-amap.org\/index.php\/wp-json\/wp\/v2\/types\/post"}],"author":[{"embeddable":true,"href":"https:\/\/pomme-d-amap.org\/index.php\/wp-json\/wp\/v2\/users\/1"}],"replies":[{"embeddable":true,"href":"https:\/\/pomme-d-amap.org\/index.php\/wp-json\/wp\/v2\/comments?post=1209"}],"version-history":[{"count":1,"href":"https:\/\/pomme-d-amap.org\/index.php\/wp-json\/wp\/v2\/posts\/1209\/revisions"}],"predecessor-version":[{"id":1210,"href":"https:\/\/pomme-d-amap.org\/index.php\/wp-json\/wp\/v2\/posts\/1209\/revisions\/1210"}],"wp:attachment":[{"href":"https:\/\/pomme-d-amap.org\/index.php\/wp-json\/wp\/v2\/media?parent=1209"}],"wp:term":[{"taxonomy":"category","embeddable":true,"href":"https:\/\/pomme-d-amap.org\/index.php\/wp-json\/wp\/v2\/categories?post=1209"},{"taxonomy":"post_tag","embeddable":true,"href":"https:\/\/pomme-d-amap.org\/index.php\/wp-json\/wp\/v2\/tags?post=1209"}],"curies":[{"name":"wp","href":"https:\/\/api.w.org\/{rel}","templated":true}]}}