{"id":1215,"date":"2020-05-05T00:00:51","date_gmt":"2020-05-04T23:00:51","guid":{"rendered":"http:\/\/pomme-d-amap.org\/?p=1215"},"modified":"2020-05-05T00:01:27","modified_gmt":"2020-05-04T23:01:27","slug":"distribution-du-mardi-4-mai-2020-le-mot-de-marc","status":"publish","type":"post","link":"https:\/\/pomme-d-amap.org\/index.php\/2020\/05\/05\/distribution-du-mardi-4-mai-2020-le-mot-de-marc\/","title":{"rendered":"Distribution du mardi 5 mai 2020 &#8211; Le mot de Marc !"},"content":{"rendered":"\n<p>Salut \u00e0 tous,<\/p>\n\n\n\n<p><br>Pas trop d&rsquo;\u00e9nergie pour vous faire un roman mais quelques nouvelles de la ferme tout de m\u00eame! La pluie de la semaine \u00e9coul\u00e9e a fait du bien m\u00eame si on n&rsquo;en aurait bien pris un peu plus mais les cultures poussent malgr\u00e9 la baisse de temp\u00e9rature et les chantiers continuent \u00e0 s\u2019encha\u00eener. Nous avons plant\u00e9 la deuxi\u00e8me s\u00e9rie de tomates, les trois quart des aubergines, arrach\u00e9 l&rsquo;ail en serres, sem\u00e9 des radis roses, pr\u00e9par\u00e9 des planches sous abri et en plein champ et continu\u00e9 \u00e0 entretenir les cultures en place. Certains d&rsquo;entre vous s&rsquo;interrogent sur la possibilit\u00e9 de venir \u00e0 la ferme \u00e0 partir du 11 mai, je r\u00e9fl\u00e9chis \u00e0 un protocole et vais \u00e9changer avec vos bureaux respectifs pour envisager cette possibilit\u00e9 dans le cadre \u00e9videmment des r\u00e8gles sanitaires en vigueur. Je vous tiens au courant.Voici votre panier:<\/p>\n\n\n\n<ul class=\"wp-block-list\"><li>Pommes de terre 1,5 kg \/ 750 g<\/li><li>Poireaux 1 kg\/ 500 g (ce sont les tous derniers de la saison, certains sont un peu \u00ab\u00a0mont\u00e9s\u00a0\u00bb donc durs mais encore bien consommables)<\/li><li>Choux fleur (grand panier 1) et choux fleur ou pointu petit panier (\u00e0 r\u00e9partir)<\/li><li>Oignons blancs (quantit\u00e9 selon r\u00e9colte)<\/li><li>Laitues 1\/1<\/li><li>Aromatique \u00e0 d\u00e9finir\u00a0<\/li><\/ul>\n\n\n\n<p><br>Voil\u00e0, bonne soir\u00e9e et \u00e0 demain!<br>Marc<\/p>\n","protected":false},"excerpt":{"rendered":"<p>Salut \u00e0 tous, Pas trop d&rsquo;\u00e9nergie pour vous faire un roman mais quelques nouvelles de la ferme tout de m\u00eame! La pluie de la semaine \u00e9coul\u00e9e a fait du bien m\u00eame si on n&rsquo;en aurait bien pris un peu plus mais les cultures poussent malgr\u00e9 la baisse de temp\u00e9rature et les chantiers continuent \u00e0 s\u2019encha\u00eener. &hellip; <a href=\"https:\/\/pomme-d-amap.org\/index.php\/2020\/05\/05\/distribution-du-mardi-4-mai-2020-le-mot-de-marc\/\" class=\"more-link\">Continuer la lecture de <span class=\"screen-reader-text\">Distribution du mardi 5 mai 2020 &#8211; Le mot de Marc !<\/span>  <span class=\"meta-nav\">&rarr;<\/span><\/a><\/p>\n","protected":false},"author":1,"featured_media":0,"comment_status":"closed","ping_status":"closed","sticky":false,"template":"","format":"standard","meta":{"footnotes":""},"categories":[11],"tags":[],"class_list":["post-1215","post","type-post","status-publish","format-standard","hentry","category-distributions"],"_links":{"self":[{"href":"https:\/\/pomme-d-amap.org\/index.php\/wp-json\/wp\/v2\/posts\/1215","targetHints":{"allow":["GET"]}}],"collection":[{"href":"https:\/\/pomme-d-amap.org\/index.php\/wp-json\/wp\/v2\/posts"}],"about":[{"href":"https:\/\/pomme-d-amap.org\/index.php\/wp-json\/wp\/v2\/types\/post"}],"author":[{"embeddable":true,"href":"https:\/\/pomme-d-amap.org\/index.php\/wp-json\/wp\/v2\/users\/1"}],"replies":[{"embeddable":true,"href":"https:\/\/pomme-d-amap.org\/index.php\/wp-json\/wp\/v2\/comments?post=1215"}],"version-history":[{"count":2,"href":"https:\/\/pomme-d-amap.org\/index.php\/wp-json\/wp\/v2\/posts\/1215\/revisions"}],"predecessor-version":[{"id":1217,"href":"https:\/\/pomme-d-amap.org\/index.php\/wp-json\/wp\/v2\/posts\/1215\/revisions\/1217"}],"wp:attachment":[{"href":"https:\/\/pomme-d-amap.org\/index.php\/wp-json\/wp\/v2\/media?parent=1215"}],"wp:term":[{"taxonomy":"category","embeddable":true,"href":"https:\/\/pomme-d-amap.org\/index.php\/wp-json\/wp\/v2\/categories?post=1215"},{"taxonomy":"post_tag","embeddable":true,"href":"https:\/\/pomme-d-amap.org\/index.php\/wp-json\/wp\/v2\/tags?post=1215"}],"curies":[{"name":"wp","href":"https:\/\/api.w.org\/{rel}","templated":true}]}}