{"id":1243,"date":"2020-06-14T20:44:26","date_gmt":"2020-06-14T19:44:26","guid":{"rendered":"http:\/\/pomme-d-amap.org\/?p=1243"},"modified":"2020-06-14T20:44:50","modified_gmt":"2020-06-14T19:44:50","slug":"distribution-du-mardi-26-mai-2020","status":"publish","type":"post","link":"https:\/\/pomme-d-amap.org\/index.php\/2020\/06\/14\/distribution-du-mardi-26-mai-2020\/","title":{"rendered":"Distribution du mardi 26 mai 2020"},"content":{"rendered":"\n<p>Salut \u00e0 tous,<br>le mois de mai s&rsquo;ach\u00e8ve d\u00e9j\u00e0 bient\u00f4t, on ne voit pas le temps d\u00e9filer et les chantiers se succ\u00e8dent \u00e0 une vitesse ph\u00e9nom\u00e9nale: nous avons plant\u00e9 la premi\u00e8re s\u00e9rie de concombres, les c\u00e9leris branches, les p\u00e2tissons, sem\u00e9 des radis roses et pr\u00e9par\u00e9 le terrain pour la suite des \u00e9v\u00e9nements. Nous vous avons accueilli avec plaisir \u00e0 nouveau sur la ferme et esp\u00e9rons vous voir encore plus nombreux dans les jours et les semaines \u00e0 venir (inscriptions, cf mail). Nous avons pour le moment de la chance avec le temps m\u00eame si une bonne pluie de temps en temps ( de celles qui mouillent&#8230;) nous ferait du bien. Tous les l\u00e9gumes poussent plut\u00f4t bien et nous ma\u00eetrisons plut\u00f4t pas mal le timing, pourvu que \u00e7a dure!Voici votre panier:<\/p>\n\n\n\n<ul class=\"wp-block-list\"><li> Pommes de terre nouvelles 1 kg \/ 500 g<\/li><li>Carottes primeurs 1 kg \/ 500 g<\/li><li>Ail 2\/1<\/li><li>Courge (grand panier ) 1 \/ Brocoli (petit panier) 1<\/li><li>Pois gourmands (\u00e0 peser)<\/li><li>Laitues 1\/1<\/li><li>Aromatique (\u00e0 d\u00e9finir)<\/li><\/ul>\n\n\n\n<p>Voil\u00e0, bonne soir\u00e9e et \u00e0 demain!<br>Marc<\/p>\n","protected":false},"excerpt":{"rendered":"<p>Salut \u00e0 tous,le mois de mai s&rsquo;ach\u00e8ve d\u00e9j\u00e0 bient\u00f4t, on ne voit pas le temps d\u00e9filer et les chantiers se succ\u00e8dent \u00e0 une vitesse ph\u00e9nom\u00e9nale: nous avons plant\u00e9 la premi\u00e8re s\u00e9rie de concombres, les c\u00e9leris branches, les p\u00e2tissons, sem\u00e9 des radis roses et pr\u00e9par\u00e9 le terrain pour la suite des \u00e9v\u00e9nements. Nous vous avons accueilli &hellip; <a href=\"https:\/\/pomme-d-amap.org\/index.php\/2020\/06\/14\/distribution-du-mardi-26-mai-2020\/\" class=\"more-link\">Continuer la lecture de <span class=\"screen-reader-text\">Distribution du mardi 26 mai 2020<\/span>  <span class=\"meta-nav\">&rarr;<\/span><\/a><\/p>\n","protected":false},"author":1,"featured_media":0,"comment_status":"closed","ping_status":"closed","sticky":false,"template":"","format":"standard","meta":{"footnotes":""},"categories":[11],"tags":[],"class_list":["post-1243","post","type-post","status-publish","format-standard","hentry","category-distributions"],"_links":{"self":[{"href":"https:\/\/pomme-d-amap.org\/index.php\/wp-json\/wp\/v2\/posts\/1243","targetHints":{"allow":["GET"]}}],"collection":[{"href":"https:\/\/pomme-d-amap.org\/index.php\/wp-json\/wp\/v2\/posts"}],"about":[{"href":"https:\/\/pomme-d-amap.org\/index.php\/wp-json\/wp\/v2\/types\/post"}],"author":[{"embeddable":true,"href":"https:\/\/pomme-d-amap.org\/index.php\/wp-json\/wp\/v2\/users\/1"}],"replies":[{"embeddable":true,"href":"https:\/\/pomme-d-amap.org\/index.php\/wp-json\/wp\/v2\/comments?post=1243"}],"version-history":[{"count":2,"href":"https:\/\/pomme-d-amap.org\/index.php\/wp-json\/wp\/v2\/posts\/1243\/revisions"}],"predecessor-version":[{"id":1245,"href":"https:\/\/pomme-d-amap.org\/index.php\/wp-json\/wp\/v2\/posts\/1243\/revisions\/1245"}],"wp:attachment":[{"href":"https:\/\/pomme-d-amap.org\/index.php\/wp-json\/wp\/v2\/media?parent=1243"}],"wp:term":[{"taxonomy":"category","embeddable":true,"href":"https:\/\/pomme-d-amap.org\/index.php\/wp-json\/wp\/v2\/categories?post=1243"},{"taxonomy":"post_tag","embeddable":true,"href":"https:\/\/pomme-d-amap.org\/index.php\/wp-json\/wp\/v2\/tags?post=1243"}],"curies":[{"name":"wp","href":"https:\/\/api.w.org\/{rel}","templated":true}]}}