{"id":1246,"date":"2020-06-14T20:47:01","date_gmt":"2020-06-14T19:47:01","guid":{"rendered":"http:\/\/pomme-d-amap.org\/?p=1246"},"modified":"2020-06-14T20:47:01","modified_gmt":"2020-06-14T19:47:01","slug":"distribution-du-mardi-2-juin-2020","status":"publish","type":"post","link":"https:\/\/pomme-d-amap.org\/index.php\/2020\/06\/14\/distribution-du-mardi-2-juin-2020\/","title":{"rendered":"Distribution du mardi 2 juin 2020"},"content":{"rendered":"\n<p>Salut \u00e0 tous,<br>Pas vraiment le temps de souffler! Les travaux se succ\u00e8dent \u00e0 un rythme de saison et \u00e0 peine atteinte la satisfaction d&rsquo;achever un chantier qu&rsquo;un autre arrive avec le m\u00eame caract\u00e8re d&rsquo;urgence. Nous avons plant\u00e9 des blettes, des laitues, du basilic et mis en terre quasiment l&rsquo;ensemble des courges de la saison, sem\u00e9 des panais, g\u00e9r\u00e9 les r\u00e9coltes et l&rsquo;irrigation, d\u00e9sherb\u00e9 les pommes de terre et continu\u00e9 la pr\u00e9paration des planches. Le retour des amapiens sur la ferme repr\u00e9sente un sacr\u00e9 coup de main, continuez \u00e0 vous inscrire (cf lien dans le mail)<a rel=\"noreferrer noopener\" href=\"https:\/\/framadate.org\/PjZ4tseWObqtI9KW\" target=\"_blank\">\u00a0<\/a>!Nous attendons peut-\u00eatre un peu de pluie cette semaine qui elle aussi, fera du bien! Le retour \u00e0 la normale se pr\u00e9cise un peu partout, continuez \u00e0 \u00eatre patients et bien suivre les recommandations lors des distributions, nous pourrons bient\u00f4t y boire des coups, c&rsquo;est s\u00fbr!Voici votre panier:<\/p>\n\n\n\n<ul class=\"wp-block-list\"><li>Pommes de terre nouvelles 1 kg \/ 500 g<\/li><li>Carottes primeurs 1 kg \/ 500 g<\/li><li>Pois gourmands ou fenouil (\u00e0 r\u00e9partir)<\/li><li>Laitues 1 \/ 1<\/li><li>Oignons blancs (quantit\u00e9 selon r\u00e9colte)<\/li><li>Aromatique \u00e0 d\u00e9finir<\/li><\/ul>\n\n\n\n<p><br>Voil\u00e0, bonne nuit et \u00e0 demain!<br><\/p>\n\n\n\n<p>Marc<\/p>\n","protected":false},"excerpt":{"rendered":"<p>Salut \u00e0 tous,Pas vraiment le temps de souffler! Les travaux se succ\u00e8dent \u00e0 un rythme de saison et \u00e0 peine atteinte la satisfaction d&rsquo;achever un chantier qu&rsquo;un autre arrive avec le m\u00eame caract\u00e8re d&rsquo;urgence. Nous avons plant\u00e9 des blettes, des laitues, du basilic et mis en terre quasiment l&rsquo;ensemble des courges de la saison, sem\u00e9 &hellip; <a href=\"https:\/\/pomme-d-amap.org\/index.php\/2020\/06\/14\/distribution-du-mardi-2-juin-2020\/\" class=\"more-link\">Continuer la lecture de <span class=\"screen-reader-text\">Distribution du mardi 2 juin 2020<\/span>  <span class=\"meta-nav\">&rarr;<\/span><\/a><\/p>\n","protected":false},"author":1,"featured_media":0,"comment_status":"closed","ping_status":"closed","sticky":false,"template":"","format":"standard","meta":{"footnotes":""},"categories":[11],"tags":[],"class_list":["post-1246","post","type-post","status-publish","format-standard","hentry","category-distributions"],"_links":{"self":[{"href":"https:\/\/pomme-d-amap.org\/index.php\/wp-json\/wp\/v2\/posts\/1246","targetHints":{"allow":["GET"]}}],"collection":[{"href":"https:\/\/pomme-d-amap.org\/index.php\/wp-json\/wp\/v2\/posts"}],"about":[{"href":"https:\/\/pomme-d-amap.org\/index.php\/wp-json\/wp\/v2\/types\/post"}],"author":[{"embeddable":true,"href":"https:\/\/pomme-d-amap.org\/index.php\/wp-json\/wp\/v2\/users\/1"}],"replies":[{"embeddable":true,"href":"https:\/\/pomme-d-amap.org\/index.php\/wp-json\/wp\/v2\/comments?post=1246"}],"version-history":[{"count":1,"href":"https:\/\/pomme-d-amap.org\/index.php\/wp-json\/wp\/v2\/posts\/1246\/revisions"}],"predecessor-version":[{"id":1247,"href":"https:\/\/pomme-d-amap.org\/index.php\/wp-json\/wp\/v2\/posts\/1246\/revisions\/1247"}],"wp:attachment":[{"href":"https:\/\/pomme-d-amap.org\/index.php\/wp-json\/wp\/v2\/media?parent=1246"}],"wp:term":[{"taxonomy":"category","embeddable":true,"href":"https:\/\/pomme-d-amap.org\/index.php\/wp-json\/wp\/v2\/categories?post=1246"},{"taxonomy":"post_tag","embeddable":true,"href":"https:\/\/pomme-d-amap.org\/index.php\/wp-json\/wp\/v2\/tags?post=1246"}],"curies":[{"name":"wp","href":"https:\/\/api.w.org\/{rel}","templated":true}]}}