{"id":1252,"date":"2020-06-22T19:45:00","date_gmt":"2020-06-22T18:45:00","guid":{"rendered":"http:\/\/pomme-d-amap.org\/?p=1252"},"modified":"2020-06-28T11:00:51","modified_gmt":"2020-06-28T10:00:51","slug":"distribution-du-mardi-23-juin-2020","status":"publish","type":"post","link":"https:\/\/pomme-d-amap.org\/index.php\/2020\/06\/22\/distribution-du-mardi-23-juin-2020\/","title":{"rendered":"Distribution du mardi 23 juin 2020"},"content":{"rendered":"\n<p>La&nbsp;<strong>distribution<\/strong>&nbsp;aura lieu&nbsp;<strong>Place de l\u2019Eglise,&nbsp;<\/strong>dans la m\u00eame salle que la derni\u00e8re fois<strong>,&nbsp;<\/strong>et se tiendra&nbsp;<strong>entre&nbsp;18h30 et 20h00<\/strong>.<\/p>\n\n\n\n<p>Pour rappel :<\/p>\n\n\n\n<ul class=\"wp-block-list\"><li><em>les personnes dont le nom de famille commence par les lettres de<strong>&nbsp;A \u00e0 H&nbsp;<\/strong>viendront<strong>&nbsp;la premi\u00e8re demie-heure ;<\/strong><\/em><\/li><li><em>celles&nbsp;dont le nom de famille commence par les lettres de<strong>&nbsp;I \u00e0 Q&nbsp;<\/strong>viendront<strong>&nbsp;la seconde demie-heure ;<\/strong><\/em><\/li><li><em>celles&nbsp;dont le nom de famille commence par les lettres de<strong>&nbsp;R \u00e0 Z&nbsp;<\/strong>viendront<strong>&nbsp;la derni\u00e8re demie-heure ;<\/strong><\/em><\/li><\/ul>\n\n\n\n<p>Salut \u00e0 tous,<\/p>\n\n\n\n<p><br>Grosse semaine qui s&rsquo;ach\u00e8ve qui nous a vu planter du basilic, des piments, sem\u00e9 les carottes et les betteraves de conservation, tailler et palisser concombres, aubergines et tomates et continuer la pr\u00e9paration des prochaines cultures. Le d\u00e9sherbage s&rsquo;intensifie aussi et les conditions climatiques tr\u00e8s poussantes\u00a0 favorisent nos mauvaise herbes pr\u00e9f\u00e9r\u00e9es&#8230;Encore une fois, vos coups de mains sont pr\u00e9cieux, surtout dans la p\u00e9riode actuelle et m\u00eame quelques heures pass\u00e9es sur la ferme permettent de soulager la masse de travail et d&rsquo;avancer plus sereinement&#8230;Et en plus, il fait beau et on pique-nique! C&rsquo;est\u00a0<strong><a rel=\"noreferrer noopener\" href=\"https:\/\/framadate.org\/PjZ4tseWObqtI9KW\" target=\"_blank\">ICI<\/a><\/strong>&#8230;Je vous rappelle qu&rsquo;\u00e0 partir de demain, c&rsquo;est moi qui serait en charge de la totalit\u00e9 des distributions du mardi. Je serai au Kremlin entre 18h et 18 h15 pour d\u00e9charger et lancer la distribution puis me rendrai \u00e0 Ivry juste apr\u00e8s. J&rsquo;oscillerai entre les deux amap en fonction des semaines (10 mn, ce n&rsquo;est pas long!) et r\u00e9cup\u00e9rerai les caisses de l&rsquo;amap abandonn\u00e9e la semaine suivante. Merci de votre vigilance et de votre participation accrue le temps que tout se mette en place et que les lieux de distribution et les horaires redeviennent tout \u00e0 fait normaux ! Je rappelle d&rsquo;ailleurs aux kremlinois que demain, c&rsquo;est retour \u00e0 l&rsquo;Ecam!\u00a0Voici votre panier:<\/p>\n\n\n\n<ul class=\"wp-block-list\"><li>Courges (\u00e0 r\u00e9partir)<\/li><li>F\u00e8ves 1,1 kg \/ 550 g<\/li><li>Carottes 1 kg \/ 500 g<\/li><li>Courgettes (\u00e0 compter et r\u00e9partir mais \u00e7a commence \u00e0 carburer!)<\/li><li>Laitues 1\/1<\/li><li>Aromatique (\u00e0 d\u00e9finir)<\/li><\/ul>\n\n\n\n<p><br>Voil\u00e0, bonne nuit et \u00e0 demain!<br>Marc<\/p>\n","protected":false},"excerpt":{"rendered":"<p>La&nbsp;distribution&nbsp;aura lieu&nbsp;Place de l\u2019Eglise,&nbsp;dans la m\u00eame salle que la derni\u00e8re fois,&nbsp;et se tiendra&nbsp;entre&nbsp;18h30 et 20h00. Pour rappel : les personnes dont le nom de famille commence par les lettres de&nbsp;A \u00e0 H&nbsp;viendront&nbsp;la premi\u00e8re demie-heure ; celles&nbsp;dont le nom de famille commence par les lettres de&nbsp;I \u00e0 Q&nbsp;viendront&nbsp;la seconde demie-heure ; celles&nbsp;dont le nom de famille &hellip; <a href=\"https:\/\/pomme-d-amap.org\/index.php\/2020\/06\/22\/distribution-du-mardi-23-juin-2020\/\" class=\"more-link\">Continuer la lecture de <span class=\"screen-reader-text\">Distribution du mardi 23 juin 2020<\/span>  <span class=\"meta-nav\">&rarr;<\/span><\/a><\/p>\n","protected":false},"author":1,"featured_media":0,"comment_status":"closed","ping_status":"closed","sticky":false,"template":"","format":"standard","meta":{"footnotes":""},"categories":[11],"tags":[],"class_list":["post-1252","post","type-post","status-publish","format-standard","hentry","category-distributions"],"_links":{"self":[{"href":"https:\/\/pomme-d-amap.org\/index.php\/wp-json\/wp\/v2\/posts\/1252","targetHints":{"allow":["GET"]}}],"collection":[{"href":"https:\/\/pomme-d-amap.org\/index.php\/wp-json\/wp\/v2\/posts"}],"about":[{"href":"https:\/\/pomme-d-amap.org\/index.php\/wp-json\/wp\/v2\/types\/post"}],"author":[{"embeddable":true,"href":"https:\/\/pomme-d-amap.org\/index.php\/wp-json\/wp\/v2\/users\/1"}],"replies":[{"embeddable":true,"href":"https:\/\/pomme-d-amap.org\/index.php\/wp-json\/wp\/v2\/comments?post=1252"}],"version-history":[{"count":2,"href":"https:\/\/pomme-d-amap.org\/index.php\/wp-json\/wp\/v2\/posts\/1252\/revisions"}],"predecessor-version":[{"id":1255,"href":"https:\/\/pomme-d-amap.org\/index.php\/wp-json\/wp\/v2\/posts\/1252\/revisions\/1255"}],"wp:attachment":[{"href":"https:\/\/pomme-d-amap.org\/index.php\/wp-json\/wp\/v2\/media?parent=1252"}],"wp:term":[{"taxonomy":"category","embeddable":true,"href":"https:\/\/pomme-d-amap.org\/index.php\/wp-json\/wp\/v2\/categories?post=1252"},{"taxonomy":"post_tag","embeddable":true,"href":"https:\/\/pomme-d-amap.org\/index.php\/wp-json\/wp\/v2\/tags?post=1252"}],"curies":[{"name":"wp","href":"https:\/\/api.w.org\/{rel}","templated":true}]}}