{"id":1261,"date":"2020-07-14T18:08:42","date_gmt":"2020-07-14T17:08:42","guid":{"rendered":"http:\/\/pomme-d-amap.org\/?p=1261"},"modified":"2020-07-14T18:08:42","modified_gmt":"2020-07-14T17:08:42","slug":"distribution-du-mardi-7-juillet-2020","status":"publish","type":"post","link":"https:\/\/pomme-d-amap.org\/index.php\/2020\/07\/14\/distribution-du-mardi-7-juillet-2020\/","title":{"rendered":"Distribution du mardi 7 juillet 2020"},"content":{"rendered":"\n<p>Les distributions reprennent dans notre lieu habituel, salle Voltaire (1, place Voltaire) et aux horaires habituels : 19h00 &#8211; 20h30.<\/p>\n\n\n\n<p>Salut \u00e0 tous,<\/p>\n\n\n\n<p><br>Pas encore de canicule, plut\u00f4t une fra\u00eecheur inhabituelle qui a ralenti un peu la production des l\u00e9gumes d&rsquo;\u00e9t\u00e9 mais on est quand m\u00eame en plein dans la p\u00e9riode et ils arrivent tous les uns apr\u00e8s les autres m\u00eame si les pucerons attaquent violemment les aubergines et les concombres! Nous avons rattrap\u00e9 une bonne partie du retard accumul\u00e9 sur la derni\u00e8re quinzaine de juin et plant\u00e9 l&rsquo;ensemble des choux fleurs, romanescos et brocolis d&rsquo;automne, pr\u00e9par\u00e9 le sol pour la plantation des poireaux en fin de semaine et acc\u00e9l\u00e9r\u00e9 les r\u00e9coltes et le d\u00e9sherbage des diff\u00e9rentes parcelles. Encore un mois \u00e0 fond avant de souffler un peu!\u00a0Voici votre panier:<\/p>\n\n\n\n<ul class=\"wp-block-list\"><li>Tomates 900 g \/ 450 g<\/li><li>Carottes 1 kg \/ 500 g<\/li><li>F\u00e8ves 1 kg \/ 500 g<\/li><li>Concombres 1\/1<\/li><li>Courgettes 5\/2<\/li><li>Laitues 1\/1<\/li><li>Basilic 2\/1<\/li><li>Poivrons 2\/1<\/li><\/ul>\n\n\n\n<p><br>Voil\u00e0, bonne nuit et \u00e0 demain!<br>Marc<\/p>\n","protected":false},"excerpt":{"rendered":"<p>Les distributions reprennent dans notre lieu habituel, salle Voltaire (1, place Voltaire) et aux horaires habituels : 19h00 &#8211; 20h30. Salut \u00e0 tous, Pas encore de canicule, plut\u00f4t une fra\u00eecheur inhabituelle qui a ralenti un peu la production des l\u00e9gumes d&rsquo;\u00e9t\u00e9 mais on est quand m\u00eame en plein dans la p\u00e9riode et ils arrivent tous &hellip; <a href=\"https:\/\/pomme-d-amap.org\/index.php\/2020\/07\/14\/distribution-du-mardi-7-juillet-2020\/\" class=\"more-link\">Continuer la lecture de <span class=\"screen-reader-text\">Distribution du mardi 7 juillet 2020<\/span>  <span class=\"meta-nav\">&rarr;<\/span><\/a><\/p>\n","protected":false},"author":1,"featured_media":0,"comment_status":"closed","ping_status":"closed","sticky":false,"template":"","format":"standard","meta":{"footnotes":""},"categories":[11],"tags":[],"class_list":["post-1261","post","type-post","status-publish","format-standard","hentry","category-distributions"],"_links":{"self":[{"href":"https:\/\/pomme-d-amap.org\/index.php\/wp-json\/wp\/v2\/posts\/1261","targetHints":{"allow":["GET"]}}],"collection":[{"href":"https:\/\/pomme-d-amap.org\/index.php\/wp-json\/wp\/v2\/posts"}],"about":[{"href":"https:\/\/pomme-d-amap.org\/index.php\/wp-json\/wp\/v2\/types\/post"}],"author":[{"embeddable":true,"href":"https:\/\/pomme-d-amap.org\/index.php\/wp-json\/wp\/v2\/users\/1"}],"replies":[{"embeddable":true,"href":"https:\/\/pomme-d-amap.org\/index.php\/wp-json\/wp\/v2\/comments?post=1261"}],"version-history":[{"count":1,"href":"https:\/\/pomme-d-amap.org\/index.php\/wp-json\/wp\/v2\/posts\/1261\/revisions"}],"predecessor-version":[{"id":1262,"href":"https:\/\/pomme-d-amap.org\/index.php\/wp-json\/wp\/v2\/posts\/1261\/revisions\/1262"}],"wp:attachment":[{"href":"https:\/\/pomme-d-amap.org\/index.php\/wp-json\/wp\/v2\/media?parent=1261"}],"wp:term":[{"taxonomy":"category","embeddable":true,"href":"https:\/\/pomme-d-amap.org\/index.php\/wp-json\/wp\/v2\/categories?post=1261"},{"taxonomy":"post_tag","embeddable":true,"href":"https:\/\/pomme-d-amap.org\/index.php\/wp-json\/wp\/v2\/tags?post=1261"}],"curies":[{"name":"wp","href":"https:\/\/api.w.org\/{rel}","templated":true}]}}