{"id":1264,"date":"2020-07-20T22:35:30","date_gmt":"2020-07-20T21:35:30","guid":{"rendered":"http:\/\/pomme-d-amap.org\/?p=1264"},"modified":"2020-07-20T22:35:30","modified_gmt":"2020-07-20T21:35:30","slug":"distribution-du-mardi-21-juillet-2020","status":"publish","type":"post","link":"https:\/\/pomme-d-amap.org\/index.php\/2020\/07\/20\/distribution-du-mardi-21-juillet-2020\/","title":{"rendered":"Distribution du mardi 21 juillet 2020"},"content":{"rendered":"\n<p>Salut \u00e0 tous,<\/p>\n\n\n\n<p><br>Un coup tr\u00e8s chaud, un coup bien frais, on ne sait plus \u00e0 quels saints se vouer&#8230;mais une chose est s\u00fbre: toujours pas de pluie! l&rsquo;absence de canicule n&#8217;emp\u00eache pas la s\u00e9cheresse et on doit beaucoup arroser pour que les cultures poussent normalement&#8230;Les tomates carburent, on se croirait fin ao\u00fbt, les courgettes ont subi un petit ralentissement en revanche, les aubergines et les concombres se remettent doucement de leurs attaques massives de pucerons. Nous avons plant\u00e9 des laitues, des fenouils et des choux raves, bien avanc\u00e9 le d\u00e9sherbage des planches de carottes et de betteraves de conservation et continu\u00e9 les r\u00e9coltes quotidiennes.\u00a0Voici votre panier quasiment sans quantit\u00e9, on doit peser, compter et r\u00e9partir demain matin:<\/p>\n\n\n\n<ul class=\"wp-block-list\"><li>Tomates (beaucoup!)<\/li><li>Courgettes<\/li><li>Concombres<\/li><li>Poivrons<\/li><li>Fenouils 2\/1<\/li><li>Betteraves 800 g \u00e0 1 kg \/ 400 \u00e0 500 g<\/li><li>Ciboulette<\/li><li>Basilic citron<\/li><li>P\u00e2tissons ou aubergines \u00e0 r\u00e9partir<\/li><\/ul>\n\n\n\n<p><br>Voil\u00e0, bonne nuit et \u00e0 demain!<br>Marc<\/p>\n","protected":false},"excerpt":{"rendered":"<p>Salut \u00e0 tous, Un coup tr\u00e8s chaud, un coup bien frais, on ne sait plus \u00e0 quels saints se vouer&#8230;mais une chose est s\u00fbre: toujours pas de pluie! l&rsquo;absence de canicule n&#8217;emp\u00eache pas la s\u00e9cheresse et on doit beaucoup arroser pour que les cultures poussent normalement&#8230;Les tomates carburent, on se croirait fin ao\u00fbt, les courgettes &hellip; <a href=\"https:\/\/pomme-d-amap.org\/index.php\/2020\/07\/20\/distribution-du-mardi-21-juillet-2020\/\" class=\"more-link\">Continuer la lecture de <span class=\"screen-reader-text\">Distribution du mardi 21 juillet 2020<\/span>  <span class=\"meta-nav\">&rarr;<\/span><\/a><\/p>\n","protected":false},"author":1,"featured_media":0,"comment_status":"closed","ping_status":"closed","sticky":false,"template":"","format":"standard","meta":{"footnotes":""},"categories":[11],"tags":[],"class_list":["post-1264","post","type-post","status-publish","format-standard","hentry","category-distributions"],"_links":{"self":[{"href":"https:\/\/pomme-d-amap.org\/index.php\/wp-json\/wp\/v2\/posts\/1264","targetHints":{"allow":["GET"]}}],"collection":[{"href":"https:\/\/pomme-d-amap.org\/index.php\/wp-json\/wp\/v2\/posts"}],"about":[{"href":"https:\/\/pomme-d-amap.org\/index.php\/wp-json\/wp\/v2\/types\/post"}],"author":[{"embeddable":true,"href":"https:\/\/pomme-d-amap.org\/index.php\/wp-json\/wp\/v2\/users\/1"}],"replies":[{"embeddable":true,"href":"https:\/\/pomme-d-amap.org\/index.php\/wp-json\/wp\/v2\/comments?post=1264"}],"version-history":[{"count":1,"href":"https:\/\/pomme-d-amap.org\/index.php\/wp-json\/wp\/v2\/posts\/1264\/revisions"}],"predecessor-version":[{"id":1265,"href":"https:\/\/pomme-d-amap.org\/index.php\/wp-json\/wp\/v2\/posts\/1264\/revisions\/1265"}],"wp:attachment":[{"href":"https:\/\/pomme-d-amap.org\/index.php\/wp-json\/wp\/v2\/media?parent=1264"}],"wp:term":[{"taxonomy":"category","embeddable":true,"href":"https:\/\/pomme-d-amap.org\/index.php\/wp-json\/wp\/v2\/categories?post=1264"},{"taxonomy":"post_tag","embeddable":true,"href":"https:\/\/pomme-d-amap.org\/index.php\/wp-json\/wp\/v2\/tags?post=1264"}],"curies":[{"name":"wp","href":"https:\/\/api.w.org\/{rel}","templated":true}]}}