{"id":1272,"date":"2020-09-08T21:36:10","date_gmt":"2020-09-08T20:36:10","guid":{"rendered":"http:\/\/pomme-d-amap.org\/?p=1272"},"modified":"2020-09-08T21:36:10","modified_gmt":"2020-09-08T20:36:10","slug":"distribution-du-mardi-8-septembre-2020","status":"publish","type":"post","link":"https:\/\/pomme-d-amap.org\/index.php\/2020\/09\/08\/distribution-du-mardi-8-septembre-2020\/","title":{"rendered":"Distribution du mardi 8 septembre 2020"},"content":{"rendered":"\n<p>Salut \u00e0 tous,\u00a0<\/p>\n\n\n\n<p>Malgr\u00e9 les fra\u00eecheurs matinales, le temps est redevenu plus chaud et les l\u00e9gumes d&rsquo;\u00e9t\u00e9 reprennent un peu de vigueur&#8230;Les pucerons ont d\u00e9finitivement quitt\u00e9 les aubergines qui retrouvent une seconde jeunesse et malgr\u00e9 la chute de production, tomates, courgettes et concombres semblent avoir encore leur mot \u00e0 dire! Nous avons d\u00e9sherb\u00e9 quasiment l&rsquo;ensemble des choux d&rsquo;automne et d&rsquo;hiver, continu\u00e9 \u00e0 d\u00e9sherber les carottes et butt\u00e9 les poireaux. Les courges m\u00fbrissent et les oignons et les pommes de terre attendent qu&rsquo;on les r\u00e9colte. Bref, \u00e7a ressemblerait presque \u00e0 un mois de septembre&#8230;Je vous remets le lien qui vous a \u00e9t\u00e9 transmis par votre bureau pour le\u00a0<a rel=\"noreferrer noopener\" href=\"https:\/\/framadate.org\/VeSWwxOhbma2Ue5a\" target=\"_blank\">chantier patates<\/a>, les inscriptions ont l&rsquo;air d&rsquo;aller bon train, pas de fl\u00e9chissement!Voici votre panier \u00e0 peu pr\u00e8s compos\u00e9, nous avons pass\u00e9 pas mal de temps dans les poireaux aujourd&rsquo;hui et le finalisons demain:<\/p>\n\n\n\n<ul class=\"wp-block-list\"><li>Tomates 1 kg \/ 500 g environ<\/li><li>Courgettes 2\/1<\/li><li>Concombres \u00e0 compter<\/li><li>Poivrons 2\/1<\/li><li>Aubergines \u00e0 r\u00e9partir<\/li><li>Oignons doux 500 g\/ 250 g<\/li><li>laitues ou mesclun ou c\u00e9leri branche<\/li><li>Basilic<\/li><li>Ciboulette<\/li><li>Il y aura aussi 1\/2 melon pour chaque petit panier qui ont \u00e9t\u00e9 l\u00e9s\u00e9s ces derni\u00e8res semaines&#8230;<\/li><\/ul>\n\n\n\n<p><br>Voil\u00e0, bonne soir\u00e9e et \u00e0 demain!<br>Marc<\/p>\n","protected":false},"excerpt":{"rendered":"<p>Salut \u00e0 tous,\u00a0 Malgr\u00e9 les fra\u00eecheurs matinales, le temps est redevenu plus chaud et les l\u00e9gumes d&rsquo;\u00e9t\u00e9 reprennent un peu de vigueur&#8230;Les pucerons ont d\u00e9finitivement quitt\u00e9 les aubergines qui retrouvent une seconde jeunesse et malgr\u00e9 la chute de production, tomates, courgettes et concombres semblent avoir encore leur mot \u00e0 dire! Nous avons d\u00e9sherb\u00e9 quasiment l&rsquo;ensemble &hellip; <a href=\"https:\/\/pomme-d-amap.org\/index.php\/2020\/09\/08\/distribution-du-mardi-8-septembre-2020\/\" class=\"more-link\">Continuer la lecture de <span class=\"screen-reader-text\">Distribution du mardi 8 septembre 2020<\/span>  <span class=\"meta-nav\">&rarr;<\/span><\/a><\/p>\n","protected":false},"author":1,"featured_media":0,"comment_status":"closed","ping_status":"closed","sticky":false,"template":"","format":"standard","meta":{"footnotes":""},"categories":[11],"tags":[],"class_list":["post-1272","post","type-post","status-publish","format-standard","hentry","category-distributions"],"_links":{"self":[{"href":"https:\/\/pomme-d-amap.org\/index.php\/wp-json\/wp\/v2\/posts\/1272","targetHints":{"allow":["GET"]}}],"collection":[{"href":"https:\/\/pomme-d-amap.org\/index.php\/wp-json\/wp\/v2\/posts"}],"about":[{"href":"https:\/\/pomme-d-amap.org\/index.php\/wp-json\/wp\/v2\/types\/post"}],"author":[{"embeddable":true,"href":"https:\/\/pomme-d-amap.org\/index.php\/wp-json\/wp\/v2\/users\/1"}],"replies":[{"embeddable":true,"href":"https:\/\/pomme-d-amap.org\/index.php\/wp-json\/wp\/v2\/comments?post=1272"}],"version-history":[{"count":1,"href":"https:\/\/pomme-d-amap.org\/index.php\/wp-json\/wp\/v2\/posts\/1272\/revisions"}],"predecessor-version":[{"id":1273,"href":"https:\/\/pomme-d-amap.org\/index.php\/wp-json\/wp\/v2\/posts\/1272\/revisions\/1273"}],"wp:attachment":[{"href":"https:\/\/pomme-d-amap.org\/index.php\/wp-json\/wp\/v2\/media?parent=1272"}],"wp:term":[{"taxonomy":"category","embeddable":true,"href":"https:\/\/pomme-d-amap.org\/index.php\/wp-json\/wp\/v2\/categories?post=1272"},{"taxonomy":"post_tag","embeddable":true,"href":"https:\/\/pomme-d-amap.org\/index.php\/wp-json\/wp\/v2\/tags?post=1272"}],"curies":[{"name":"wp","href":"https:\/\/api.w.org\/{rel}","templated":true}]}}