{"id":1274,"date":"2020-09-15T11:21:17","date_gmt":"2020-09-15T10:21:17","guid":{"rendered":"http:\/\/pomme-d-amap.org\/?p=1274"},"modified":"2020-09-15T11:21:17","modified_gmt":"2020-09-15T10:21:17","slug":"distribution-du-mardi-15-septembre-2020","status":"publish","type":"post","link":"https:\/\/pomme-d-amap.org\/index.php\/2020\/09\/15\/distribution-du-mardi-15-septembre-2020\/","title":{"rendered":"Distribution du mardi 15 septembre 2020"},"content":{"rendered":"\n<p>Salut \u00e0 tous,<\/p>\n\n\n\n<p><br>Je ne vous ferai pas un roman, ayant pass\u00e9 la journ\u00e9e dans des affaires administratives et pas vraiment finalis\u00e9 votre panier de demain. Il comprendra \u00e0 coup s\u00fbr tomates, aubergines, poivrons, concombres, oignons, ail et c\u00e9leri branche mais tout \u00e7a reste \u00e0 peser et r\u00e9partir! Nous n&rsquo;avons n\u00e9anmoins pas ch\u00f4m\u00e9 cette semaine et commenc\u00e9 les plantations d&rsquo;automne en serre avec les blettes, les premi\u00e8res s\u00e9ries d&rsquo;\u00e9pinards, de laitues et de m\u00e2che ainsi qu&rsquo;une s\u00e9rie de fenouil. Tous ces l\u00e9gumes accompagneront dans les semaines et mois \u00e0 venir les racines de conservation dont les pommes de terre que nous r\u00e9colterons dimanche! Par\u00a0<a rel=\"noreferrer noopener\" href=\"https:\/\/framadate.org\/VeSWwxOhbma2Ue5a\" target=\"_blank\">ici\u00a0<\/a>les inscriptions pour ceux qui auraient oubli\u00e9&#8230;Que votre nuit soit douce.A demain!<\/p>\n\n\n\n<p><br>Marc<\/p>\n","protected":false},"excerpt":{"rendered":"<p>Salut \u00e0 tous, Je ne vous ferai pas un roman, ayant pass\u00e9 la journ\u00e9e dans des affaires administratives et pas vraiment finalis\u00e9 votre panier de demain. Il comprendra \u00e0 coup s\u00fbr tomates, aubergines, poivrons, concombres, oignons, ail et c\u00e9leri branche mais tout \u00e7a reste \u00e0 peser et r\u00e9partir! Nous n&rsquo;avons n\u00e9anmoins pas ch\u00f4m\u00e9 cette semaine &hellip; <a href=\"https:\/\/pomme-d-amap.org\/index.php\/2020\/09\/15\/distribution-du-mardi-15-septembre-2020\/\" class=\"more-link\">Continuer la lecture de <span class=\"screen-reader-text\">Distribution du mardi 15 septembre 2020<\/span>  <span class=\"meta-nav\">&rarr;<\/span><\/a><\/p>\n","protected":false},"author":1,"featured_media":0,"comment_status":"closed","ping_status":"closed","sticky":false,"template":"","format":"standard","meta":{"footnotes":""},"categories":[11],"tags":[],"class_list":["post-1274","post","type-post","status-publish","format-standard","hentry","category-distributions"],"_links":{"self":[{"href":"https:\/\/pomme-d-amap.org\/index.php\/wp-json\/wp\/v2\/posts\/1274","targetHints":{"allow":["GET"]}}],"collection":[{"href":"https:\/\/pomme-d-amap.org\/index.php\/wp-json\/wp\/v2\/posts"}],"about":[{"href":"https:\/\/pomme-d-amap.org\/index.php\/wp-json\/wp\/v2\/types\/post"}],"author":[{"embeddable":true,"href":"https:\/\/pomme-d-amap.org\/index.php\/wp-json\/wp\/v2\/users\/1"}],"replies":[{"embeddable":true,"href":"https:\/\/pomme-d-amap.org\/index.php\/wp-json\/wp\/v2\/comments?post=1274"}],"version-history":[{"count":1,"href":"https:\/\/pomme-d-amap.org\/index.php\/wp-json\/wp\/v2\/posts\/1274\/revisions"}],"predecessor-version":[{"id":1275,"href":"https:\/\/pomme-d-amap.org\/index.php\/wp-json\/wp\/v2\/posts\/1274\/revisions\/1275"}],"wp:attachment":[{"href":"https:\/\/pomme-d-amap.org\/index.php\/wp-json\/wp\/v2\/media?parent=1274"}],"wp:term":[{"taxonomy":"category","embeddable":true,"href":"https:\/\/pomme-d-amap.org\/index.php\/wp-json\/wp\/v2\/categories?post=1274"},{"taxonomy":"post_tag","embeddable":true,"href":"https:\/\/pomme-d-amap.org\/index.php\/wp-json\/wp\/v2\/tags?post=1274"}],"curies":[{"name":"wp","href":"https:\/\/api.w.org\/{rel}","templated":true}]}}