{"id":1278,"date":"2020-10-11T20:45:56","date_gmt":"2020-10-11T19:45:56","guid":{"rendered":"http:\/\/pomme-d-amap.org\/?p=1278"},"modified":"2020-10-11T20:45:56","modified_gmt":"2020-10-11T19:45:56","slug":"distribution-du-mardi-29-septembre-2020","status":"publish","type":"post","link":"https:\/\/pomme-d-amap.org\/index.php\/2020\/10\/11\/distribution-du-mardi-29-septembre-2020\/","title":{"rendered":"Distribution du mardi 29 septembre 2020"},"content":{"rendered":"\n<p>Salut \u00e0 tous,<\/p>\n\n\n\n<p><br>Bon, comme vous l&rsquo;avez sans doute remarqu\u00e9, je crois que l&rsquo;on a chang\u00e9 de saison&#8230;Allez, on ne va pas se plaindre, il est tomb\u00e9 une cinquantaine de millim\u00e8tres \u00e0 St Augustin ces derniers jours et les nappes phr\u00e9atiques vont sourire un peu! Int\u00e9ressant de voir aussi comment les mares creus\u00e9es au printemps gardent l&rsquo;eau, pas s\u00fbr que \u00e7a fasse un lac en deux semaines de pluies mais il y a des signes encourageants, de grosses flaques bien en place ! Pendant que les carottes, c\u00e9leris, choux et autres poireaux en profitent pour se d\u00e9salt\u00e9rer, nous continuons le travail des semis et plantations d&rsquo;automne sous abri. Nous avons re-sem\u00e9 du radis roses apr\u00e8s les ravages des sangliers en esp\u00e9rant qu&rsquo;il y ait assez de chaleur pour qu&rsquo;il vienne \u00e0 maturit\u00e9 rapidement, plant\u00e9 des laitues, de la roquette, des \u00e9pinards et continu\u00e9 la pr\u00e9paration du sol pour toutes les cultures d&rsquo;automne \u00e0 venir. Les l\u00e9gumes d&rsquo;\u00e9t\u00e9, eux, appr\u00e9cient moins le refroidissement mais les tomates ont encore carbur\u00e9 la semaine derni\u00e8re et on va encore en profiter un peu. Dommage que les aubergines, d\u00e9finitivement d\u00e9barrass\u00e9es de leurs pucerons et acariens, commencent leur saison maintenant, elle risque d&rsquo;\u00eatre courte! En revanche,\u00a0 Les concombres et les courgettes rendent doucement l&rsquo;\u00e2me\u2026Voici votre panier \u00e0 finaliser demain:<\/p>\n\n\n\n<ul class=\"wp-block-list\"><li>Pommes de terre 1,5 kg \/ 750 g<\/li><li>Tomates 2 kg \/ 1 kg<\/li><li>Oignons rouges longs 500 g \/250 g<\/li><li>Brocoli (grand panier 1) \/\u00a0 Choux kale ou Pak-cho\u00ef (petit panier selon r\u00e9colte)<\/li><li>Chicor\u00e9e scarole ou fris\u00e9e (selon r\u00e9colte)<\/li><li>Basilic grec 1\/1<\/li><li>Autre aromatique \u00e0 d\u00e9finir<\/li><li>L\u00e9gumes d&rsquo;\u00e9t\u00e9 \u00e0 r\u00e9partir et compter entre les amaps:\u00a0 aubergines, poivrons, concombres et courgettes\u00a0<\/li><\/ul>\n\n\n\n<p>Voil\u00e0, bonne soir\u00e9e et \u00e0 demain!<br>Marc<\/p>\n\n\n\n<p><\/p>\n","protected":false},"excerpt":{"rendered":"<p>Salut \u00e0 tous, Bon, comme vous l&rsquo;avez sans doute remarqu\u00e9, je crois que l&rsquo;on a chang\u00e9 de saison&#8230;Allez, on ne va pas se plaindre, il est tomb\u00e9 une cinquantaine de millim\u00e8tres \u00e0 St Augustin ces derniers jours et les nappes phr\u00e9atiques vont sourire un peu! Int\u00e9ressant de voir aussi comment les mares creus\u00e9es au printemps &hellip; <a href=\"https:\/\/pomme-d-amap.org\/index.php\/2020\/10\/11\/distribution-du-mardi-29-septembre-2020\/\" class=\"more-link\">Continuer la lecture de <span class=\"screen-reader-text\">Distribution du mardi 29 septembre 2020<\/span>  <span class=\"meta-nav\">&rarr;<\/span><\/a><\/p>\n","protected":false},"author":1,"featured_media":0,"comment_status":"closed","ping_status":"closed","sticky":false,"template":"","format":"standard","meta":{"footnotes":""},"categories":[11],"tags":[],"class_list":["post-1278","post","type-post","status-publish","format-standard","hentry","category-distributions"],"_links":{"self":[{"href":"https:\/\/pomme-d-amap.org\/index.php\/wp-json\/wp\/v2\/posts\/1278","targetHints":{"allow":["GET"]}}],"collection":[{"href":"https:\/\/pomme-d-amap.org\/index.php\/wp-json\/wp\/v2\/posts"}],"about":[{"href":"https:\/\/pomme-d-amap.org\/index.php\/wp-json\/wp\/v2\/types\/post"}],"author":[{"embeddable":true,"href":"https:\/\/pomme-d-amap.org\/index.php\/wp-json\/wp\/v2\/users\/1"}],"replies":[{"embeddable":true,"href":"https:\/\/pomme-d-amap.org\/index.php\/wp-json\/wp\/v2\/comments?post=1278"}],"version-history":[{"count":1,"href":"https:\/\/pomme-d-amap.org\/index.php\/wp-json\/wp\/v2\/posts\/1278\/revisions"}],"predecessor-version":[{"id":1279,"href":"https:\/\/pomme-d-amap.org\/index.php\/wp-json\/wp\/v2\/posts\/1278\/revisions\/1279"}],"wp:attachment":[{"href":"https:\/\/pomme-d-amap.org\/index.php\/wp-json\/wp\/v2\/media?parent=1278"}],"wp:term":[{"taxonomy":"category","embeddable":true,"href":"https:\/\/pomme-d-amap.org\/index.php\/wp-json\/wp\/v2\/categories?post=1278"},{"taxonomy":"post_tag","embeddable":true,"href":"https:\/\/pomme-d-amap.org\/index.php\/wp-json\/wp\/v2\/tags?post=1278"}],"curies":[{"name":"wp","href":"https:\/\/api.w.org\/{rel}","templated":true}]}}