{"id":1280,"date":"2020-10-11T20:49:16","date_gmt":"2020-10-11T19:49:16","guid":{"rendered":"http:\/\/pomme-d-amap.org\/?p=1280"},"modified":"2020-10-15T10:31:24","modified_gmt":"2020-10-15T09:31:24","slug":"1280","status":"publish","type":"post","link":"https:\/\/pomme-d-amap.org\/index.php\/2020\/10\/11\/1280\/","title":{"rendered":"Distribution du mardi 6 octobre 2020"},"content":{"rendered":"\n<p>Salut \u00e0 tous,<\/p>\n\n\n\n<p><br>Autant vous dire que \u00e7a fait d\u00e9j\u00e0 quelques jours qu&rsquo;on n&rsquo;a pas tourn\u00e9 une vanne d&rsquo;irrigation \u00e0 StO en plein champ! Il y a eu deux fois plus d&rsquo;eau en une semaine que pendant toute la saison&#8230;Bon, \u00e7a \u00e9vite le stress m\u00eame si on ne peut pas faire grand chose dehors&#8230;Et on a eu la confirmation que les marres font leur office! Elles se remplissent et leurs alentours sont bien moins humides qu&rsquo;auparavant! On laisse pousser les l\u00e9gumes et on s&rsquo;occupe des serres qui commence \u00e0 prendre de plus en plus leur format hivernal. J&rsquo;ai bien peur qu&rsquo;on doive arracher les pieds de tomates plus t\u00f4t que d&rsquo;habitude! On a fait une (derni\u00e8re?) r\u00e9colte aujourd&rsquo;hui qui ajout\u00e9e \u00e0 celle de fin de semaine derni\u00e8re, permettra de mettre encore du soleil dans vos paniers cette semaine mais la suite risque d&rsquo;\u00eatre plus compliqu\u00e9e! Encore des aubergines et des poivrons, quelques concombres mais on arrive au bout\u2026 Sinon, on a commenc\u00e9 \u00e0 couper et rentrer les courges sous serres pour qu&rsquo;elles s\u00e8chent avant d&rsquo;\u00eatre mis \u00e0 la conservation. Pas facile avec toute cette humidit\u00e9&#8230;Sur le front des r\u00e9jouissances d&rsquo;automne, je vous propose un premier (et dernier?) chantier carottes le&nbsp;<strong>dimanche 18 octobre<\/strong>. Je sais bien que les vacances scolaires auront commenc\u00e9 mais c&rsquo;est compliqu\u00e9 de trouver des dates avant les grands froids! Nous verrons en fonction du monde si on doit remettre \u00e7a apr\u00e8s. Pour les inscriptions, c&rsquo;est&nbsp;<strong><a rel=\"noreferrer noopener\" href=\"https:\/\/framadate.org\/N5zmr7kDSwAIxzfN\" target=\"_blank\">ICI<\/a>&nbsp;!<\/strong>Voici votre panier de demain:<\/p>\n\n\n\n<ul class=\"wp-block-list\"><li>Pommes de terre 1,5 kg \/ 750 g<\/li><li>Tomates (\u00e0 peser)<\/li><li>Poivrons (\u00e0 compter)<\/li><li>Oignons jaunes 500 g \/ 250 g<\/li><li>Blettes ou choux kale (selon r\u00e9colte)<\/li><li>Fenouil 2\/1<\/li><li>Basilic citron en vrac<\/li><li>Thym ou sauge selon r\u00e9colte<\/li><\/ul>\n\n\n\n<p>Voil\u00e0, bonne nuit et \u00e0 demain!<br>Marc<\/p>\n\n\n\n<p><\/p>\n","protected":false},"excerpt":{"rendered":"<p>Salut \u00e0 tous, Autant vous dire que \u00e7a fait d\u00e9j\u00e0 quelques jours qu&rsquo;on n&rsquo;a pas tourn\u00e9 une vanne d&rsquo;irrigation \u00e0 StO en plein champ! Il y a eu deux fois plus d&rsquo;eau en une semaine que pendant toute la saison&#8230;Bon, \u00e7a \u00e9vite le stress m\u00eame si on ne peut pas faire grand chose dehors&#8230;Et on &hellip; <a href=\"https:\/\/pomme-d-amap.org\/index.php\/2020\/10\/11\/1280\/\" class=\"more-link\">Continuer la lecture de <span class=\"screen-reader-text\">Distribution du mardi 6 octobre 2020<\/span>  <span class=\"meta-nav\">&rarr;<\/span><\/a><\/p>\n","protected":false},"author":1,"featured_media":0,"comment_status":"closed","ping_status":"closed","sticky":false,"template":"","format":"standard","meta":{"footnotes":""},"categories":[11],"tags":[],"class_list":["post-1280","post","type-post","status-publish","format-standard","hentry","category-distributions"],"_links":{"self":[{"href":"https:\/\/pomme-d-amap.org\/index.php\/wp-json\/wp\/v2\/posts\/1280","targetHints":{"allow":["GET"]}}],"collection":[{"href":"https:\/\/pomme-d-amap.org\/index.php\/wp-json\/wp\/v2\/posts"}],"about":[{"href":"https:\/\/pomme-d-amap.org\/index.php\/wp-json\/wp\/v2\/types\/post"}],"author":[{"embeddable":true,"href":"https:\/\/pomme-d-amap.org\/index.php\/wp-json\/wp\/v2\/users\/1"}],"replies":[{"embeddable":true,"href":"https:\/\/pomme-d-amap.org\/index.php\/wp-json\/wp\/v2\/comments?post=1280"}],"version-history":[{"count":2,"href":"https:\/\/pomme-d-amap.org\/index.php\/wp-json\/wp\/v2\/posts\/1280\/revisions"}],"predecessor-version":[{"id":1284,"href":"https:\/\/pomme-d-amap.org\/index.php\/wp-json\/wp\/v2\/posts\/1280\/revisions\/1284"}],"wp:attachment":[{"href":"https:\/\/pomme-d-amap.org\/index.php\/wp-json\/wp\/v2\/media?parent=1280"}],"wp:term":[{"taxonomy":"category","embeddable":true,"href":"https:\/\/pomme-d-amap.org\/index.php\/wp-json\/wp\/v2\/categories?post=1280"},{"taxonomy":"post_tag","embeddable":true,"href":"https:\/\/pomme-d-amap.org\/index.php\/wp-json\/wp\/v2\/tags?post=1280"}],"curies":[{"name":"wp","href":"https:\/\/api.w.org\/{rel}","templated":true}]}}