{"id":1282,"date":"2020-10-15T10:30:30","date_gmt":"2020-10-15T09:30:30","guid":{"rendered":"http:\/\/pomme-d-amap.org\/?p=1282"},"modified":"2020-10-15T10:30:30","modified_gmt":"2020-10-15T09:30:30","slug":"distribution-du-mardi-13-octobre-2020","status":"publish","type":"post","link":"https:\/\/pomme-d-amap.org\/index.php\/2020\/10\/15\/distribution-du-mardi-13-octobre-2020\/","title":{"rendered":"Distribution du mardi 13 octobre 2020"},"content":{"rendered":"\n<p>Salut \u00e0 tous,<\/p>\n\n\n\n<p><br>Tout d&rsquo;abord et avant d&rsquo;oublier, nous ne sommes qu&rsquo;une douzaine d&rsquo;inscrits au chantier\u00a0<strong>carottes\u00a0<\/strong>du\u00a0<strong>dimanche 18 octobre<\/strong>, un petit coup de collier serait bienvenu pour que l&rsquo;on puisse en faire le maximum de jour l\u00e0! Le temps sera et ensoleill\u00e9 d&rsquo;apr\u00e8s les pr\u00e9visions, alors si vous voulez vous joindre \u00e0 nous, c&rsquo;est\u00a0<strong><a rel=\"noreferrer noopener\" href=\"https:\/\/framadate.org\/N5zmr7kDSwAIxzfN\" target=\"_blank\">ICI<\/a>\u00a0!<\/strong>Sur le front des cultures, le passage \u00e0 l&rsquo;automne continue. Nous avons mis \u00e0 s\u00e9cher un maximum de courges, plant\u00e9 m\u00e2che et oignons blancs sous abri et arrach\u00e9 melons, et concombres et pr\u00e9par\u00e9 le sol pour y accueillir les futures cultures. Dehors, pas grand chose \u00e0 faire avec toute cette pluie mais les mares continuent \u00e0 se remplir!Votre panier est \u00e0 finaliser aujourd&rsquo;hui, voici sa composition approximative:<\/p>\n\n\n\n<ul class=\"wp-block-list\"><li>Pommes de terre 1,5 kg \/ 750 g<\/li><li>Echalotes 300 g \/ 150 g<\/li><li>Choux fleur, brocoli ou romanesco \/ ou choux kale (\u00e0 r\u00e9partir)<\/li><li>Tomates ou aubergine ou poivrons (selon fin de r\u00e9colte et r\u00e9partition)<\/li><li>M\u00e2che (quantit\u00e9 selon r\u00e9colte)<\/li><li>Courge 2 kg \/ 1 kg environ<\/li><li>Basilic ou thym<\/li><\/ul>\n\n\n\n<p>Voil\u00e0, bonne journ\u00e9e et \u00e0 ce soir!<br>Marc<\/p>\n","protected":false},"excerpt":{"rendered":"<p>Salut \u00e0 tous, Tout d&rsquo;abord et avant d&rsquo;oublier, nous ne sommes qu&rsquo;une douzaine d&rsquo;inscrits au chantier\u00a0carottes\u00a0du\u00a0dimanche 18 octobre, un petit coup de collier serait bienvenu pour que l&rsquo;on puisse en faire le maximum de jour l\u00e0! Le temps sera et ensoleill\u00e9 d&rsquo;apr\u00e8s les pr\u00e9visions, alors si vous voulez vous joindre \u00e0 nous, c&rsquo;est\u00a0ICI\u00a0!Sur le front &hellip; <a href=\"https:\/\/pomme-d-amap.org\/index.php\/2020\/10\/15\/distribution-du-mardi-13-octobre-2020\/\" class=\"more-link\">Continuer la lecture de <span class=\"screen-reader-text\">Distribution du mardi 13 octobre 2020<\/span>  <span class=\"meta-nav\">&rarr;<\/span><\/a><\/p>\n","protected":false},"author":1,"featured_media":0,"comment_status":"closed","ping_status":"closed","sticky":false,"template":"","format":"standard","meta":{"footnotes":""},"categories":[11],"tags":[],"class_list":["post-1282","post","type-post","status-publish","format-standard","hentry","category-distributions"],"_links":{"self":[{"href":"https:\/\/pomme-d-amap.org\/index.php\/wp-json\/wp\/v2\/posts\/1282","targetHints":{"allow":["GET"]}}],"collection":[{"href":"https:\/\/pomme-d-amap.org\/index.php\/wp-json\/wp\/v2\/posts"}],"about":[{"href":"https:\/\/pomme-d-amap.org\/index.php\/wp-json\/wp\/v2\/types\/post"}],"author":[{"embeddable":true,"href":"https:\/\/pomme-d-amap.org\/index.php\/wp-json\/wp\/v2\/users\/1"}],"replies":[{"embeddable":true,"href":"https:\/\/pomme-d-amap.org\/index.php\/wp-json\/wp\/v2\/comments?post=1282"}],"version-history":[{"count":1,"href":"https:\/\/pomme-d-amap.org\/index.php\/wp-json\/wp\/v2\/posts\/1282\/revisions"}],"predecessor-version":[{"id":1283,"href":"https:\/\/pomme-d-amap.org\/index.php\/wp-json\/wp\/v2\/posts\/1282\/revisions\/1283"}],"wp:attachment":[{"href":"https:\/\/pomme-d-amap.org\/index.php\/wp-json\/wp\/v2\/media?parent=1282"}],"wp:term":[{"taxonomy":"category","embeddable":true,"href":"https:\/\/pomme-d-amap.org\/index.php\/wp-json\/wp\/v2\/categories?post=1282"},{"taxonomy":"post_tag","embeddable":true,"href":"https:\/\/pomme-d-amap.org\/index.php\/wp-json\/wp\/v2\/tags?post=1282"}],"curies":[{"name":"wp","href":"https:\/\/api.w.org\/{rel}","templated":true}]}}