{"id":1285,"date":"2020-11-01T22:10:15","date_gmt":"2020-11-01T21:10:15","guid":{"rendered":"http:\/\/pomme-d-amap.org\/?p=1285"},"modified":"2020-11-11T17:12:54","modified_gmt":"2020-11-11T16:12:54","slug":"distribution-du-mardi-27-octobre-2020","status":"publish","type":"post","link":"https:\/\/pomme-d-amap.org\/index.php\/2020\/11\/01\/distribution-du-mardi-27-octobre-2020\/","title":{"rendered":"Distribution du mardi 27 octobre 2020"},"content":{"rendered":"\n<p>Salut \u00e0 tous,<\/p>\n\n\n\n<p><br>Alors, tout d&rsquo;abord, deux ou trois infos importantes pour les semaines \u00e0 venir :<br>&#8211; Les AG d&rsquo;Ivry et du KB ayant lieu respectivement les week-end du 15 et du 28 novembre, je fixe le chantier fin de carottes \/ choucroute le WE du&nbsp;<strong>21\/22 novembre<\/strong>. Evidemment, cette information risquant d&rsquo;\u00eatre obsol\u00e8te dans les jours qui viennent, tant pour les AG que pour le chantier, j&rsquo;attends les annonces avant de vous adresser un framadate laissant le choix entre le samedi et le dimanche. A suivre, donc&#8230;<br>&#8211; La double distribution pr\u00e9vue en d\u00e9but d&rsquo;ann\u00e9e sur vos contrats sera effectu\u00e9e<strong>&nbsp;le 8 ou le 15 d\u00e9cembre<\/strong>, c&rsquo;est-\u00e0-dire une des deux derni\u00e8res dates de l&rsquo;ann\u00e9e. Je vous tiens au courant rapidement. En revanche, la distribution annul\u00e9e au d\u00e9but du confinement ne sera pas rattrap\u00e9e, due aux al\u00e9as et compens\u00e9e dans mon esprit sur les distributions des mois suivants. Je me permets de le signaler car un \u00e9change avec l&rsquo;un d&rsquo;entre vous m&rsquo;a alert\u00e9 sur le fait que ceci n&rsquo;\u00e9tait peut-\u00eatre pas clair. Merci de me le faire savoir si tel est le cas.<br>&#8211; Enfin, je vous adresserai un mail d\u00e9di\u00e9 avant la fin de la semaine sur les paniers 2021.<\/p>\n\n\n\n<p><br>Pour le reste, le chemin vers l&rsquo;hiver continue \u00e0 St Augustin. Les serres continuent de se remplir (plantation de m\u00e2che cette semaine), les courges sont quasiment toutes au sec dans le tri -tunnel, il n&rsquo;y a plus qu&rsquo;\u00e0 les ranger dans la chambre \u00e0 courge, le tunnel des tomates est compl\u00e8tement vide (pieds arrach\u00e9s, b\u00e2ches pli\u00e9es, fils rang\u00e9s) et pr\u00eat \u00e0 recevoir d&rsquo;autres cultures.<br>Voici votre panier:<br><\/p>\n\n\n\n<ul class=\"wp-block-list\"><li>Pommes de terre 1,5 kg \/ 750 g<\/li><li>Carottes 1,2 kg \/ 600 g<\/li><li>Oignons jaunes 500 g \/ 250 g<\/li><li>Choux \u00e0 compter et r\u00e9partir<\/li><li>Blettes ou \u00e9pinards (quantit\u00e9 selon r\u00e9colte)<\/li><li>Aubergines ou poivrons (\u00e0 la pi\u00e8ce ou au poids selon r\u00e9partition)<\/li><li>Tomates vertes 2 kg \/ 1 kg&nbsp;<em>(chutney, confiture, tartes, les meilleures recettes sur le web&#8230;)<\/em><\/li><li>Laurier 2 brins \/ 1&nbsp;<\/li><\/ul>\n\n\n\n<p><br>Voil\u00e0, bonne journ\u00e9e et \u00e0 ce soir!<br>Marc<\/p>\n","protected":false},"excerpt":{"rendered":"<p>Salut \u00e0 tous, Alors, tout d&rsquo;abord, deux ou trois infos importantes pour les semaines \u00e0 venir :&#8211; Les AG d&rsquo;Ivry et du KB ayant lieu respectivement les week-end du 15 et du 28 novembre, je fixe le chantier fin de carottes \/ choucroute le WE du&nbsp;21\/22 novembre. Evidemment, cette information risquant d&rsquo;\u00eatre obsol\u00e8te dans les &hellip; <a href=\"https:\/\/pomme-d-amap.org\/index.php\/2020\/11\/01\/distribution-du-mardi-27-octobre-2020\/\" class=\"more-link\">Continuer la lecture de <span class=\"screen-reader-text\">Distribution du mardi 27 octobre 2020<\/span>  <span class=\"meta-nav\">&rarr;<\/span><\/a><\/p>\n","protected":false},"author":1,"featured_media":0,"comment_status":"closed","ping_status":"closed","sticky":false,"template":"","format":"standard","meta":{"footnotes":""},"categories":[11],"tags":[],"class_list":["post-1285","post","type-post","status-publish","format-standard","hentry","category-distributions"],"_links":{"self":[{"href":"https:\/\/pomme-d-amap.org\/index.php\/wp-json\/wp\/v2\/posts\/1285","targetHints":{"allow":["GET"]}}],"collection":[{"href":"https:\/\/pomme-d-amap.org\/index.php\/wp-json\/wp\/v2\/posts"}],"about":[{"href":"https:\/\/pomme-d-amap.org\/index.php\/wp-json\/wp\/v2\/types\/post"}],"author":[{"embeddable":true,"href":"https:\/\/pomme-d-amap.org\/index.php\/wp-json\/wp\/v2\/users\/1"}],"replies":[{"embeddable":true,"href":"https:\/\/pomme-d-amap.org\/index.php\/wp-json\/wp\/v2\/comments?post=1285"}],"version-history":[{"count":2,"href":"https:\/\/pomme-d-amap.org\/index.php\/wp-json\/wp\/v2\/posts\/1285\/revisions"}],"predecessor-version":[{"id":1299,"href":"https:\/\/pomme-d-amap.org\/index.php\/wp-json\/wp\/v2\/posts\/1285\/revisions\/1299"}],"wp:attachment":[{"href":"https:\/\/pomme-d-amap.org\/index.php\/wp-json\/wp\/v2\/media?parent=1285"}],"wp:term":[{"taxonomy":"category","embeddable":true,"href":"https:\/\/pomme-d-amap.org\/index.php\/wp-json\/wp\/v2\/categories?post=1285"},{"taxonomy":"post_tag","embeddable":true,"href":"https:\/\/pomme-d-amap.org\/index.php\/wp-json\/wp\/v2\/tags?post=1285"}],"curies":[{"name":"wp","href":"https:\/\/api.w.org\/{rel}","templated":true}]}}