{"id":1287,"date":"2020-11-01T22:07:46","date_gmt":"2020-11-01T21:07:46","guid":{"rendered":"http:\/\/pomme-d-amap.org\/?p=1287"},"modified":"2020-11-01T22:07:46","modified_gmt":"2020-11-01T21:07:46","slug":"distribution-du-mardi-20-octobre-2020","status":"publish","type":"post","link":"https:\/\/pomme-d-amap.org\/index.php\/2020\/11\/01\/distribution-du-mardi-20-octobre-2020\/","title":{"rendered":"Distribution du mardi 20 octobre 2020"},"content":{"rendered":"\n<p>Salut \u00e0 tous,<\/p>\n\n\n\n<p><br>C&rsquo;\u00e9tait un beau dimanche assez ensoleill\u00e9 qui nous a accompagn\u00e9 \u00e0 St Augustin pour le premier chantier carottes de l&rsquo;ann\u00e9e. Nous avons r\u00e9ussi \u00e0 rentrer environ les deux tiers de la production au frigo, il reste encore un peu de boulot mais le plus gros est fait! Je r\u00e9fl\u00e9chis encore au bien fond\u00e9 d&rsquo;un deuxi\u00e8me chantier d\u00e9di\u00e9, mon id\u00e9e est plus de le mixer avec un chantier choucroute d&rsquo;ici un mois sur une belle journ\u00e9e de novembre (mais si, \u00e7a existe&#8230;). Je continue \u00e0 cogiter et je vous tiens au courant! Pour le reste, nous continuons les plantations d&rsquo;automne en serre, nous rangeons la parcelle, nous avons pu retravailler le sol sur l&rsquo;ancienne parcelle de pommes de terre gr\u00e2ce aux quelques jours de sec qui nous ont accompagn\u00e9s et continu\u00e9 \u00e0 faire s\u00e9cher les courges. Voici votre panier:<br><\/p>\n\n\n\n<ul class=\"wp-block-list\"><li>Pommes de terre 1,5 kg \/ 750 g<\/li><li>Carottes 1,2 kg \/ 600 g<\/li><li>Choux \u00e0 d\u00e9finir ou navets<\/li><li>Ail\u00a0 2\/1<\/li><li>C\u00e9leri branche 1 pied \/ 1\/2<\/li><li>Chicor\u00e9es fris\u00e9es ou scarole (quantit\u00e9 selon r\u00e9colte)<\/li><li>Aromatique \u00e0 d\u00e9finir<\/li><li>Tomates vertes en vrac ou au kg\u00a0<em>(pour les novices, plein de recettes\u00a0sur le web de chutney, confitures et autres tartes&#8230;<\/em>)<\/li><\/ul>\n\n\n\n<p><br>Voil\u00e0, bonne journ\u00e9e et \u00e0 ce soir!<br>Marc\u00a0<\/p>\n","protected":false},"excerpt":{"rendered":"<p>Salut \u00e0 tous, C&rsquo;\u00e9tait un beau dimanche assez ensoleill\u00e9 qui nous a accompagn\u00e9 \u00e0 St Augustin pour le premier chantier carottes de l&rsquo;ann\u00e9e. Nous avons r\u00e9ussi \u00e0 rentrer environ les deux tiers de la production au frigo, il reste encore un peu de boulot mais le plus gros est fait! Je r\u00e9fl\u00e9chis encore au bien &hellip; <a href=\"https:\/\/pomme-d-amap.org\/index.php\/2020\/11\/01\/distribution-du-mardi-20-octobre-2020\/\" class=\"more-link\">Continuer la lecture de <span class=\"screen-reader-text\">Distribution du mardi 20 octobre 2020<\/span>  <span class=\"meta-nav\">&rarr;<\/span><\/a><\/p>\n","protected":false},"author":1,"featured_media":0,"comment_status":"closed","ping_status":"closed","sticky":false,"template":"","format":"standard","meta":{"footnotes":""},"categories":[11],"tags":[],"class_list":["post-1287","post","type-post","status-publish","format-standard","hentry","category-distributions"],"_links":{"self":[{"href":"https:\/\/pomme-d-amap.org\/index.php\/wp-json\/wp\/v2\/posts\/1287","targetHints":{"allow":["GET"]}}],"collection":[{"href":"https:\/\/pomme-d-amap.org\/index.php\/wp-json\/wp\/v2\/posts"}],"about":[{"href":"https:\/\/pomme-d-amap.org\/index.php\/wp-json\/wp\/v2\/types\/post"}],"author":[{"embeddable":true,"href":"https:\/\/pomme-d-amap.org\/index.php\/wp-json\/wp\/v2\/users\/1"}],"replies":[{"embeddable":true,"href":"https:\/\/pomme-d-amap.org\/index.php\/wp-json\/wp\/v2\/comments?post=1287"}],"version-history":[{"count":1,"href":"https:\/\/pomme-d-amap.org\/index.php\/wp-json\/wp\/v2\/posts\/1287\/revisions"}],"predecessor-version":[{"id":1288,"href":"https:\/\/pomme-d-amap.org\/index.php\/wp-json\/wp\/v2\/posts\/1287\/revisions\/1288"}],"wp:attachment":[{"href":"https:\/\/pomme-d-amap.org\/index.php\/wp-json\/wp\/v2\/media?parent=1287"}],"wp:term":[{"taxonomy":"category","embeddable":true,"href":"https:\/\/pomme-d-amap.org\/index.php\/wp-json\/wp\/v2\/categories?post=1287"},{"taxonomy":"post_tag","embeddable":true,"href":"https:\/\/pomme-d-amap.org\/index.php\/wp-json\/wp\/v2\/tags?post=1287"}],"curies":[{"name":"wp","href":"https:\/\/api.w.org\/{rel}","templated":true}]}}