{"id":1297,"date":"2020-11-11T16:59:18","date_gmt":"2020-11-11T15:59:18","guid":{"rendered":"http:\/\/pomme-d-amap.org\/?p=1297"},"modified":"2020-11-11T16:59:18","modified_gmt":"2020-11-11T15:59:18","slug":"distribution-du-mardi-10-novembre","status":"publish","type":"post","link":"https:\/\/pomme-d-amap.org\/index.php\/2020\/11\/11\/distribution-du-mardi-10-novembre\/","title":{"rendered":"Distribution du mardi 10 novembre"},"content":{"rendered":"\n<p>Salut \u00e0 tous,<\/p>\n\n\n\n<p><br>Apr\u00e8s une premi\u00e8re vague de (petit) froid, nous avons pass\u00e9 la journ\u00e9e en t-shirt (v\u00e9ridique!) pour tenir le coup sous les serres&#8230;Bref, la mi-novembre dans le nord de l&rsquo;Europe en 2020. On essaie de ne pas se laisser d\u00e9sorienter et continuer \u00e0 suivre le plan de culture comme si de rien \u00e9tait : Plantation de m\u00e2che et de choux fleur sous abri cette semaine, fin du rangement des courges, d\u00e9but de la r\u00e9colte des betteraves de conservation et pr\u00e9paration de vos paniers.\u00a0Voici celui de cette semaine:<br><\/p>\n\n\n\n<ul class=\"wp-block-list\"><li>Pommes de terre 1,5 kg \/ 750 g<\/li><li>Carottes 1,2 kg \/ 600 g<\/li><li>Oignons jaunes 500 g \/ 250 g<\/li><li>Courge (grand panier) ou choux fleur (petit) <\/li><li>\u00e0 r\u00e9partir<\/li><li>C\u00e9leri branche 1 pied \/ 1 petit<\/li><li>Poivrons &#8211; \u00e0 compter et r\u00e9partir<\/li><li>Roquette &#8211; Quantit\u00e9 selon r\u00e9colte<\/li><\/ul>\n\n\n\n<p><br>Voil\u00e0, bonne nuit et \u00e0 demain!<br>Marc<\/p>\n","protected":false},"excerpt":{"rendered":"<p>Salut \u00e0 tous, Apr\u00e8s une premi\u00e8re vague de (petit) froid, nous avons pass\u00e9 la journ\u00e9e en t-shirt (v\u00e9ridique!) pour tenir le coup sous les serres&#8230;Bref, la mi-novembre dans le nord de l&rsquo;Europe en 2020. On essaie de ne pas se laisser d\u00e9sorienter et continuer \u00e0 suivre le plan de culture comme si de rien \u00e9tait &hellip; <a href=\"https:\/\/pomme-d-amap.org\/index.php\/2020\/11\/11\/distribution-du-mardi-10-novembre\/\" class=\"more-link\">Continuer la lecture de <span class=\"screen-reader-text\">Distribution du mardi 10 novembre<\/span>  <span class=\"meta-nav\">&rarr;<\/span><\/a><\/p>\n","protected":false},"author":1,"featured_media":0,"comment_status":"closed","ping_status":"closed","sticky":false,"template":"","format":"standard","meta":{"footnotes":""},"categories":[11],"tags":[],"class_list":["post-1297","post","type-post","status-publish","format-standard","hentry","category-distributions"],"_links":{"self":[{"href":"https:\/\/pomme-d-amap.org\/index.php\/wp-json\/wp\/v2\/posts\/1297","targetHints":{"allow":["GET"]}}],"collection":[{"href":"https:\/\/pomme-d-amap.org\/index.php\/wp-json\/wp\/v2\/posts"}],"about":[{"href":"https:\/\/pomme-d-amap.org\/index.php\/wp-json\/wp\/v2\/types\/post"}],"author":[{"embeddable":true,"href":"https:\/\/pomme-d-amap.org\/index.php\/wp-json\/wp\/v2\/users\/1"}],"replies":[{"embeddable":true,"href":"https:\/\/pomme-d-amap.org\/index.php\/wp-json\/wp\/v2\/comments?post=1297"}],"version-history":[{"count":1,"href":"https:\/\/pomme-d-amap.org\/index.php\/wp-json\/wp\/v2\/posts\/1297\/revisions"}],"predecessor-version":[{"id":1298,"href":"https:\/\/pomme-d-amap.org\/index.php\/wp-json\/wp\/v2\/posts\/1297\/revisions\/1298"}],"wp:attachment":[{"href":"https:\/\/pomme-d-amap.org\/index.php\/wp-json\/wp\/v2\/media?parent=1297"}],"wp:term":[{"taxonomy":"category","embeddable":true,"href":"https:\/\/pomme-d-amap.org\/index.php\/wp-json\/wp\/v2\/categories?post=1297"},{"taxonomy":"post_tag","embeddable":true,"href":"https:\/\/pomme-d-amap.org\/index.php\/wp-json\/wp\/v2\/tags?post=1297"}],"curies":[{"name":"wp","href":"https:\/\/api.w.org\/{rel}","templated":true}]}}