{"id":1321,"date":"2020-12-08T10:33:02","date_gmt":"2020-12-08T09:33:02","guid":{"rendered":"http:\/\/pomme-d-amap.org\/?p=1321"},"modified":"2020-12-08T10:33:02","modified_gmt":"2020-12-08T09:33:02","slug":"distribution-du-mardi-8-decembre-2020","status":"publish","type":"post","link":"https:\/\/pomme-d-amap.org\/index.php\/2020\/12\/08\/distribution-du-mardi-8-decembre-2020\/","title":{"rendered":"Distribution du mardi 8 d\u00e9cembre 2020"},"content":{"rendered":"\n<p>Salut \u00e0 tous,<\/p>\n\n\n\n<p><br>On s&rsquo;approche doucement de la tr\u00eave et \u00e7a se sent&#8230;Nous sommes concentr\u00e9s sur la pr\u00e9paration des derni\u00e8res distributions, des r\u00e9coltes des derni\u00e8res betteraves et de quelques carottes et du rangement des serres (arrachage des pieds d&rsquo;aubergines et de poivrons, pliage des b\u00e2ches) de la parcelle et du hangar. On regarde les jours raccourcir encore et encore et le froid, m\u00eame modeste, nous accompagner lors de ces dr\u00f4les de journ\u00e9es en attendant la choucroute\u2026Voici votre panier (d\u00e9but de la double distribution pour Ivry avec double ration d&rsquo;oignons et de navets):<\/p>\n\n\n\n<ul class=\"wp-block-list\"><li>Pommes de terre 1,5 kg \/ 750 g<\/li><li>Carottes 1,2 kg \/ 600 g<\/li><li><strong>Navets 1,6 kg \/ 800 g<\/strong><\/li><li><strong>Oignons jaunes 1 kg \/ 500 g<\/strong><\/li><li>Blettes (quantit\u00e9 selon r\u00e9colte)<\/li><li>Radis gla\u00e7on (quantit\u00e9 selon r\u00e9colte)<\/li><li>Aromatique \u00e0 d\u00e9finir<\/li><\/ul>\n\n\n\n<p>Voil\u00e0, bonne nuit et \u00e0 demain!<br>Marc<\/p>\n","protected":false},"excerpt":{"rendered":"<p>Salut \u00e0 tous, On s&rsquo;approche doucement de la tr\u00eave et \u00e7a se sent&#8230;Nous sommes concentr\u00e9s sur la pr\u00e9paration des derni\u00e8res distributions, des r\u00e9coltes des derni\u00e8res betteraves et de quelques carottes et du rangement des serres (arrachage des pieds d&rsquo;aubergines et de poivrons, pliage des b\u00e2ches) de la parcelle et du hangar. On regarde les jours &hellip; <a href=\"https:\/\/pomme-d-amap.org\/index.php\/2020\/12\/08\/distribution-du-mardi-8-decembre-2020\/\" class=\"more-link\">Continuer la lecture de <span class=\"screen-reader-text\">Distribution du mardi 8 d\u00e9cembre 2020<\/span>  <span class=\"meta-nav\">&rarr;<\/span><\/a><\/p>\n","protected":false},"author":1,"featured_media":0,"comment_status":"closed","ping_status":"closed","sticky":false,"template":"","format":"standard","meta":{"footnotes":""},"categories":[11],"tags":[],"class_list":["post-1321","post","type-post","status-publish","format-standard","hentry","category-distributions"],"_links":{"self":[{"href":"https:\/\/pomme-d-amap.org\/index.php\/wp-json\/wp\/v2\/posts\/1321","targetHints":{"allow":["GET"]}}],"collection":[{"href":"https:\/\/pomme-d-amap.org\/index.php\/wp-json\/wp\/v2\/posts"}],"about":[{"href":"https:\/\/pomme-d-amap.org\/index.php\/wp-json\/wp\/v2\/types\/post"}],"author":[{"embeddable":true,"href":"https:\/\/pomme-d-amap.org\/index.php\/wp-json\/wp\/v2\/users\/1"}],"replies":[{"embeddable":true,"href":"https:\/\/pomme-d-amap.org\/index.php\/wp-json\/wp\/v2\/comments?post=1321"}],"version-history":[{"count":1,"href":"https:\/\/pomme-d-amap.org\/index.php\/wp-json\/wp\/v2\/posts\/1321\/revisions"}],"predecessor-version":[{"id":1322,"href":"https:\/\/pomme-d-amap.org\/index.php\/wp-json\/wp\/v2\/posts\/1321\/revisions\/1322"}],"wp:attachment":[{"href":"https:\/\/pomme-d-amap.org\/index.php\/wp-json\/wp\/v2\/media?parent=1321"}],"wp:term":[{"taxonomy":"category","embeddable":true,"href":"https:\/\/pomme-d-amap.org\/index.php\/wp-json\/wp\/v2\/categories?post=1321"},{"taxonomy":"post_tag","embeddable":true,"href":"https:\/\/pomme-d-amap.org\/index.php\/wp-json\/wp\/v2\/tags?post=1321"}],"curies":[{"name":"wp","href":"https:\/\/api.w.org\/{rel}","templated":true}]}}