{"id":1391,"date":"2021-02-10T09:40:17","date_gmt":"2021-02-10T08:40:17","guid":{"rendered":"http:\/\/pomme-d-amap.org\/?p=1391"},"modified":"2021-02-10T09:41:11","modified_gmt":"2021-02-10T08:41:11","slug":"1391","status":"publish","type":"post","link":"https:\/\/pomme-d-amap.org\/index.php\/2021\/02\/10\/1391\/","title":{"rendered":"Distribution du mercredi 10 f\u00e9vrier 2021"},"content":{"rendered":"\n<p>Salut \u00e0 tous,<\/p>\n\n\n\n<p><br>Apr\u00e8s le printemps, vient l&rsquo;hiver. CQFD. Bon. Ce matin, une couche de neige recouvre les routes de Seine-et-Marne avec un bon -4, les transports scolaires ont \u00e9t\u00e9 annul\u00e9s mais on en a vu d&rsquo;autres&#8230;les caisses de vos paniers sont pr\u00eates dans les chambres froides (chaudes du coup!) \u00e0 la ferme. Mon objectif du jour et de rejoindre la ferme puis le Kremlin, Ivry et retour sans encombre, j&rsquo;entends les premiers moteurs dehors, on y croit! Evidemment, si de v\u00e9ritables probl\u00e8mes de d\u00e9placement se font sentir, je vous tiens au courant&#8230;Avant cet \u00e9pisode, la semaine \u00e9coul\u00e9e a \u00e9t\u00e9 consacr\u00e9e \u00e0 la plantation d&rsquo;une s\u00e9rie de m\u00e2che, de laitues, des navets primeurs et de l&rsquo;ensemble des pommes de terres primeurs sous abri, ainsi qu&rsquo;au binage et au nettoyage des semis de carottes primeurs. Nico m&rsquo;a aid\u00e9 \u00e0 r\u00e9colter les poireaux de la semaine lundi avant le gel et j&rsquo;ai couvert les cultures sensibles dans les serres ainsi que les carottes de stocks non encore r\u00e9colt\u00e9es (il reste 4 planches, on aura fini \u00e0 l&rsquo;arriv\u00e9e des beaux jours\u2026). Normalement, on repasse au-dessus de 0\u00b0C en fin de semaine. Voici votre panier:<\/p>\n\n\n\n<ul class=\"wp-block-list\"><li>Pommes de terre 1,5 kg<\/li><li>Carottes 1.2 kg<\/li><li>Courges vari\u00e9es 2 petites<\/li><li>Poireaux 4<\/li><li>Oignons roses 500 g<\/li><\/ul>\n\n\n\n<p>Voil\u00e0, bon r\u00e9veil et \u00e0 tout \u00e0 l&rsquo;heure!<br>Marc\u00a0<\/p>\n","protected":false},"excerpt":{"rendered":"<p>Salut \u00e0 tous, Apr\u00e8s le printemps, vient l&rsquo;hiver. CQFD. Bon. Ce matin, une couche de neige recouvre les routes de Seine-et-Marne avec un bon -4, les transports scolaires ont \u00e9t\u00e9 annul\u00e9s mais on en a vu d&rsquo;autres&#8230;les caisses de vos paniers sont pr\u00eates dans les chambres froides (chaudes du coup!) \u00e0 la ferme. Mon objectif &hellip; <a href=\"https:\/\/pomme-d-amap.org\/index.php\/2021\/02\/10\/1391\/\" class=\"more-link\">Continuer la lecture de <span class=\"screen-reader-text\">Distribution du mercredi 10 f\u00e9vrier 2021<\/span>  <span class=\"meta-nav\">&rarr;<\/span><\/a><\/p>\n","protected":false},"author":1,"featured_media":0,"comment_status":"closed","ping_status":"closed","sticky":false,"template":"","format":"standard","meta":{"footnotes":""},"categories":[11],"tags":[],"class_list":["post-1391","post","type-post","status-publish","format-standard","hentry","category-distributions"],"_links":{"self":[{"href":"https:\/\/pomme-d-amap.org\/index.php\/wp-json\/wp\/v2\/posts\/1391","targetHints":{"allow":["GET"]}}],"collection":[{"href":"https:\/\/pomme-d-amap.org\/index.php\/wp-json\/wp\/v2\/posts"}],"about":[{"href":"https:\/\/pomme-d-amap.org\/index.php\/wp-json\/wp\/v2\/types\/post"}],"author":[{"embeddable":true,"href":"https:\/\/pomme-d-amap.org\/index.php\/wp-json\/wp\/v2\/users\/1"}],"replies":[{"embeddable":true,"href":"https:\/\/pomme-d-amap.org\/index.php\/wp-json\/wp\/v2\/comments?post=1391"}],"version-history":[{"count":2,"href":"https:\/\/pomme-d-amap.org\/index.php\/wp-json\/wp\/v2\/posts\/1391\/revisions"}],"predecessor-version":[{"id":1393,"href":"https:\/\/pomme-d-amap.org\/index.php\/wp-json\/wp\/v2\/posts\/1391\/revisions\/1393"}],"wp:attachment":[{"href":"https:\/\/pomme-d-amap.org\/index.php\/wp-json\/wp\/v2\/media?parent=1391"}],"wp:term":[{"taxonomy":"category","embeddable":true,"href":"https:\/\/pomme-d-amap.org\/index.php\/wp-json\/wp\/v2\/categories?post=1391"},{"taxonomy":"post_tag","embeddable":true,"href":"https:\/\/pomme-d-amap.org\/index.php\/wp-json\/wp\/v2\/tags?post=1391"}],"curies":[{"name":"wp","href":"https:\/\/api.w.org\/{rel}","templated":true}]}}