{"id":1394,"date":"2021-02-17T09:49:08","date_gmt":"2021-02-17T08:49:08","guid":{"rendered":"http:\/\/pomme-d-amap.org\/?p=1394"},"modified":"2021-02-17T09:49:08","modified_gmt":"2021-02-17T08:49:08","slug":"distribution-du-mercredi-17-fevrier-2021","status":"publish","type":"post","link":"https:\/\/pomme-d-amap.org\/index.php\/2021\/02\/17\/distribution-du-mercredi-17-fevrier-2021\/","title":{"rendered":"Distribution du mercredi 17 f\u00e9vrier 2021"},"content":{"rendered":"\n<p>Salut \u00e0 tous,<\/p>\n\n\n\n<p><br>La grosse p\u00e9riode de gel est termin\u00e9e, les cultures l&rsquo;ont pass\u00e9e sans encombre, esp\u00e9rons que les populations d&rsquo;acariens et de pucerons l&rsquo;ont senti passer! Etonnamment, je m&rsquo;attendais \u00e0 un sol tr\u00e8s boueux au moment du d\u00e9gel mais \u00e7a s\u00e8che assez vite, peut-\u00eatre aurons-nous \u00e0 nouveau un printemps pr\u00e9coce&#8230;Quoi qu&rsquo;il en soit, les travaux de drainage vont continuer sur la parcelle, les mares faisant leur boulot mais le drain d&rsquo;\u00e9vacuation des serres en bas de parcelle a \u00e9t\u00e9 lamin\u00e9 et rebouch\u00e9 par les sangliers, ce qui cr\u00e9e l&rsquo;effet inverse d&rsquo;escompt\u00e9, des remont\u00e9es et stagnations d&rsquo;eau qui fait que \u00e7a patauge \u00e0 plusieurs endroits. On va s&rsquo;occuper de \u00e7a au mois de mars&#8230;Je vous mets pour la premi\u00e8re fois dans les paniers de la choucroute cette ann\u00e9e. Exceptionnellement, vu les circonstances, j&rsquo;ai pr\u00e9par\u00e9 des sachets d&rsquo;environ 600 g par 1\/2 parts pour que la pr\u00e9paration des paniers soit plus fluide. Je rappelle aux uns et d\u00e9cris aux autres le \u00ab\u00a0protocole\u00a0\u00bb choucroute habituel. Je transf\u00e8re des futs initiaux la quantit\u00e9 de choucroute n\u00e9cessaire par amap dans des bacs alimentaires que j&rsquo;am\u00e8ne en distrib, les amaps se fournissent en gants latex et sachets alimentaires (type cong\u00e9lation) ou demandent \u00e0 chaque amapien de venir avec un r\u00e9cipient \u00e0 lui (type tupperware), un amapien se charge de la pes\u00e9e et de l&rsquo;ensachage pendant la distribution. Vu les modes et les heures de distribution actuels, on fera comme \u00e7a -je l&rsquo;esp\u00e8re ! &#8211; la prochaine fois.<strong>Je vous rappelle qu&rsquo;il n&rsquo;y a pas de distribution la semaine prochaine<\/strong>, vos bureaux et moi-m\u00eame recommuniquerons d&rsquo;ici l\u00e0 pour \u00e9viter les bugs \u00e9ventuels! Voici votre panier:<\/p>\n\n\n\n<ul class=\"wp-block-list\"><li>Pommes de terre 1.5 kg<\/li><li>Betteraves 800 g<\/li><li>Courge musqu\u00e9e 1 part (2 kg environ)<\/li><li>Choucroute 2 sachets (de 600 g environ)<\/li><li>Cresson (quantit\u00e9 selon r\u00e9colte)<\/li><\/ul>\n\n\n\n<p><br>Voil\u00e0, bonne journ\u00e9e et \u00e0 tout \u00e0 l&rsquo;heure!<br>Marc\u00a0<\/p>\n","protected":false},"excerpt":{"rendered":"<p>Salut \u00e0 tous, La grosse p\u00e9riode de gel est termin\u00e9e, les cultures l&rsquo;ont pass\u00e9e sans encombre, esp\u00e9rons que les populations d&rsquo;acariens et de pucerons l&rsquo;ont senti passer! Etonnamment, je m&rsquo;attendais \u00e0 un sol tr\u00e8s boueux au moment du d\u00e9gel mais \u00e7a s\u00e8che assez vite, peut-\u00eatre aurons-nous \u00e0 nouveau un printemps pr\u00e9coce&#8230;Quoi qu&rsquo;il en soit, les &hellip; <a href=\"https:\/\/pomme-d-amap.org\/index.php\/2021\/02\/17\/distribution-du-mercredi-17-fevrier-2021\/\" class=\"more-link\">Continuer la lecture de <span class=\"screen-reader-text\">Distribution du mercredi 17 f\u00e9vrier 2021<\/span>  <span class=\"meta-nav\">&rarr;<\/span><\/a><\/p>\n","protected":false},"author":1,"featured_media":0,"comment_status":"closed","ping_status":"closed","sticky":false,"template":"","format":"standard","meta":{"footnotes":""},"categories":[11],"tags":[],"class_list":["post-1394","post","type-post","status-publish","format-standard","hentry","category-distributions"],"_links":{"self":[{"href":"https:\/\/pomme-d-amap.org\/index.php\/wp-json\/wp\/v2\/posts\/1394","targetHints":{"allow":["GET"]}}],"collection":[{"href":"https:\/\/pomme-d-amap.org\/index.php\/wp-json\/wp\/v2\/posts"}],"about":[{"href":"https:\/\/pomme-d-amap.org\/index.php\/wp-json\/wp\/v2\/types\/post"}],"author":[{"embeddable":true,"href":"https:\/\/pomme-d-amap.org\/index.php\/wp-json\/wp\/v2\/users\/1"}],"replies":[{"embeddable":true,"href":"https:\/\/pomme-d-amap.org\/index.php\/wp-json\/wp\/v2\/comments?post=1394"}],"version-history":[{"count":1,"href":"https:\/\/pomme-d-amap.org\/index.php\/wp-json\/wp\/v2\/posts\/1394\/revisions"}],"predecessor-version":[{"id":1395,"href":"https:\/\/pomme-d-amap.org\/index.php\/wp-json\/wp\/v2\/posts\/1394\/revisions\/1395"}],"wp:attachment":[{"href":"https:\/\/pomme-d-amap.org\/index.php\/wp-json\/wp\/v2\/media?parent=1394"}],"wp:term":[{"taxonomy":"category","embeddable":true,"href":"https:\/\/pomme-d-amap.org\/index.php\/wp-json\/wp\/v2\/categories?post=1394"},{"taxonomy":"post_tag","embeddable":true,"href":"https:\/\/pomme-d-amap.org\/index.php\/wp-json\/wp\/v2\/tags?post=1394"}],"curies":[{"name":"wp","href":"https:\/\/api.w.org\/{rel}","templated":true}]}}