{"id":1396,"date":"2021-03-03T10:27:24","date_gmt":"2021-03-03T09:27:24","guid":{"rendered":"http:\/\/pomme-d-amap.org\/?p=1396"},"modified":"2021-03-03T10:27:48","modified_gmt":"2021-03-03T09:27:48","slug":"disitribution-du-mercredi-3-mars-2021","status":"publish","type":"post","link":"https:\/\/pomme-d-amap.org\/index.php\/2021\/03\/03\/disitribution-du-mercredi-3-mars-2021\/","title":{"rendered":"Distribution du mercredi 3 mars 2021"},"content":{"rendered":"\n<p>Salut \u00e0 tous,<\/p>\n\n\n\n<p><br>Ravi de vous retrouver apr\u00e8s cette petite coupure bienfaitrice, pleine de soleil et d&rsquo;azur&#8230;Visiblement, m\u00eame si \u00e7a va se rafra\u00eechir, \u00e7a risque de durer un peu&#8230;Il est impressionnant de voir \u00e0 quelle vitesse le sol s\u00e8che, on serait presque pr\u00eat \u00e0 commencer la pr\u00e9paration du sol en ext\u00e9rieur&#8230;Quoi qu&rsquo;il en soit, le rythme commence \u00e0 augmenter, nous plantons choux rouge et choux chinois de printemps en serre cette semaine et pr\u00e9parons les planches pour les pois gourmands et l&rsquo;ail de printemps.<br>Anne, nouvelle salari\u00e9e, m&rsquo;a rejoint pour une p\u00e9riode de 8 mois et commence sur les chapeaux de roues. Je lui souhaite la bienvenue. Elle sera amen\u00e9e \u00e0 faire les distributions lors de ma p\u00e9riode d&rsquo;absence estivale et j&rsquo;esp\u00e8re que vous pourrez bient\u00f4t la rencontrer sur la ferme. Un-e autre salari\u00e9-e nous rejoindra pour nous pr\u00eater main forte lors du c\u0153ur de la saison vers le mois de juin.<br>Lucile, elle, ne reviendra pas sur la ferme apr\u00e8s son long cong\u00e9 et nous avons d\u00e9cid\u00e9 d&rsquo;un commun accord de continuer sur nos chemins respectifs. Toute occup\u00e9e par sa nouvelle maternit\u00e9, elle reprendra petit \u00e0 petit son projet qui, je l&rsquo;esp\u00e8re, la m\u00e8nera vers l&rsquo;installation. Je la remercie pour son travail et son implication et lui souhaite bonne chance pour la suite des \u00e9v\u00e8nements.<br>Voici votre panier:<\/p>\n\n\n\n<ul class=\"wp-block-list\"><li>Pommes de terre 1.5 kg<\/li><li>Carottes 1.2 kg<\/li><li>Oignons jaunes 500 g<\/li><li>Poireaux 4<\/li><li>M\u00e2che 340 g<\/li><li>Persil 1 bouquet<\/li><\/ul>\n\n\n\n<p><br>Voil\u00e0, bonne soir\u00e9e et \u00e0 demain!<br>Marc<\/p>\n","protected":false},"excerpt":{"rendered":"<p>Salut \u00e0 tous, Ravi de vous retrouver apr\u00e8s cette petite coupure bienfaitrice, pleine de soleil et d&rsquo;azur&#8230;Visiblement, m\u00eame si \u00e7a va se rafra\u00eechir, \u00e7a risque de durer un peu&#8230;Il est impressionnant de voir \u00e0 quelle vitesse le sol s\u00e8che, on serait presque pr\u00eat \u00e0 commencer la pr\u00e9paration du sol en ext\u00e9rieur&#8230;Quoi qu&rsquo;il en soit, le &hellip; <a href=\"https:\/\/pomme-d-amap.org\/index.php\/2021\/03\/03\/disitribution-du-mercredi-3-mars-2021\/\" class=\"more-link\">Continuer la lecture de <span class=\"screen-reader-text\">Distribution du mercredi 3 mars 2021<\/span>  <span class=\"meta-nav\">&rarr;<\/span><\/a><\/p>\n","protected":false},"author":1,"featured_media":0,"comment_status":"closed","ping_status":"closed","sticky":false,"template":"","format":"standard","meta":{"footnotes":""},"categories":[11],"tags":[],"class_list":["post-1396","post","type-post","status-publish","format-standard","hentry","category-distributions"],"_links":{"self":[{"href":"https:\/\/pomme-d-amap.org\/index.php\/wp-json\/wp\/v2\/posts\/1396","targetHints":{"allow":["GET"]}}],"collection":[{"href":"https:\/\/pomme-d-amap.org\/index.php\/wp-json\/wp\/v2\/posts"}],"about":[{"href":"https:\/\/pomme-d-amap.org\/index.php\/wp-json\/wp\/v2\/types\/post"}],"author":[{"embeddable":true,"href":"https:\/\/pomme-d-amap.org\/index.php\/wp-json\/wp\/v2\/users\/1"}],"replies":[{"embeddable":true,"href":"https:\/\/pomme-d-amap.org\/index.php\/wp-json\/wp\/v2\/comments?post=1396"}],"version-history":[{"count":2,"href":"https:\/\/pomme-d-amap.org\/index.php\/wp-json\/wp\/v2\/posts\/1396\/revisions"}],"predecessor-version":[{"id":1398,"href":"https:\/\/pomme-d-amap.org\/index.php\/wp-json\/wp\/v2\/posts\/1396\/revisions\/1398"}],"wp:attachment":[{"href":"https:\/\/pomme-d-amap.org\/index.php\/wp-json\/wp\/v2\/media?parent=1396"}],"wp:term":[{"taxonomy":"category","embeddable":true,"href":"https:\/\/pomme-d-amap.org\/index.php\/wp-json\/wp\/v2\/categories?post=1396"},{"taxonomy":"post_tag","embeddable":true,"href":"https:\/\/pomme-d-amap.org\/index.php\/wp-json\/wp\/v2\/tags?post=1396"}],"curies":[{"name":"wp","href":"https:\/\/api.w.org\/{rel}","templated":true}]}}