{"id":1405,"date":"2021-03-31T08:29:41","date_gmt":"2021-03-31T07:29:41","guid":{"rendered":"http:\/\/pomme-d-amap.org\/?p=1405"},"modified":"2021-03-31T08:29:41","modified_gmt":"2021-03-31T07:29:41","slug":"distribution-du-mercredi-31-mars-2021","status":"publish","type":"post","link":"https:\/\/pomme-d-amap.org\/index.php\/2021\/03\/31\/distribution-du-mercredi-31-mars-2021\/","title":{"rendered":"Distribution du mercredi 31 mars 2021"},"content":{"rendered":"\n<p>Salut \u00e0 tous,<\/p>\n\n\n\n<p><br>J&rsquo;ai bien l&rsquo;impression que la saison a commenc\u00e9 pour de bon! Vu l&rsquo;\u00e9tat de mon dos, je dirais plut\u00f4t qu&rsquo;on est d\u00e9but juillet que d\u00e9but avril&#8230;Il faut dire que le temps estival est trompeur, il y aura peut-\u00eatre des gel\u00e9es en milieu de semaine prochaine&#8230;voire des passages de neige fondue! Bon, je ne crois plus les pr\u00e9visions \u00e0 une semaine mais il fera moins chaud, \u00e7a c&rsquo;est s\u00fbr!En attendant, on en profite pour abattre un gros travail de pr\u00e9paration en ext\u00e9rieur: les premi\u00e8res planches de laitues et fenouil et les f\u00e8ves sont pr\u00eates \u00e0 \u00eatre plant\u00e9es et les seront d&rsquo;ici \u00e0 la fin de la semaine. Nous avons \u00e9galement sem\u00e9 les oignons doux en micro-mottes. J&rsquo;en profite \u00e9galement pour commencer \u00e0 redessiner la parcelle en \u00ab\u00a0cassant\u00a0\u00bb les chemins pour \u00e9viter la stagnation d&rsquo;eau afin d&rsquo;avoir \u00e0 terme des planches uniques du nord au sud de la parcelle. C&rsquo;est un travail sur deux ou trois ans devant prendre en compte l&rsquo;assolement pr\u00e9vu et les cultures en place mais qui demande quand m\u00eame de profiter \u00e0 fond des cr\u00e9neaux de beau temps! Voici votre panier:<\/p>\n\n\n\n<ul class=\"wp-block-list\"><li>Pommes de terre 1.5 kg<\/li><li>Carottes 1.2 kg<\/li><li>Betteraves 800 g<\/li><li>Oignons rouges 400 g<\/li><li>M\u00e2che (quantit\u00e9 selon r\u00e9colte)<\/li><\/ul>\n\n\n\n<p><br>Voil\u00e0, bonne journ\u00e9e et \u00e0 tout \u00e0 l&rsquo;heure!<br>Marc<\/p>\n","protected":false},"excerpt":{"rendered":"<p>Salut \u00e0 tous, J&rsquo;ai bien l&rsquo;impression que la saison a commenc\u00e9 pour de bon! Vu l&rsquo;\u00e9tat de mon dos, je dirais plut\u00f4t qu&rsquo;on est d\u00e9but juillet que d\u00e9but avril&#8230;Il faut dire que le temps estival est trompeur, il y aura peut-\u00eatre des gel\u00e9es en milieu de semaine prochaine&#8230;voire des passages de neige fondue! Bon, je &hellip; <a href=\"https:\/\/pomme-d-amap.org\/index.php\/2021\/03\/31\/distribution-du-mercredi-31-mars-2021\/\" class=\"more-link\">Continuer la lecture de <span class=\"screen-reader-text\">Distribution du mercredi 31 mars 2021<\/span>  <span class=\"meta-nav\">&rarr;<\/span><\/a><\/p>\n","protected":false},"author":1,"featured_media":0,"comment_status":"closed","ping_status":"closed","sticky":false,"template":"","format":"standard","meta":{"footnotes":""},"categories":[11],"tags":[],"class_list":["post-1405","post","type-post","status-publish","format-standard","hentry","category-distributions"],"_links":{"self":[{"href":"https:\/\/pomme-d-amap.org\/index.php\/wp-json\/wp\/v2\/posts\/1405","targetHints":{"allow":["GET"]}}],"collection":[{"href":"https:\/\/pomme-d-amap.org\/index.php\/wp-json\/wp\/v2\/posts"}],"about":[{"href":"https:\/\/pomme-d-amap.org\/index.php\/wp-json\/wp\/v2\/types\/post"}],"author":[{"embeddable":true,"href":"https:\/\/pomme-d-amap.org\/index.php\/wp-json\/wp\/v2\/users\/1"}],"replies":[{"embeddable":true,"href":"https:\/\/pomme-d-amap.org\/index.php\/wp-json\/wp\/v2\/comments?post=1405"}],"version-history":[{"count":1,"href":"https:\/\/pomme-d-amap.org\/index.php\/wp-json\/wp\/v2\/posts\/1405\/revisions"}],"predecessor-version":[{"id":1406,"href":"https:\/\/pomme-d-amap.org\/index.php\/wp-json\/wp\/v2\/posts\/1405\/revisions\/1406"}],"wp:attachment":[{"href":"https:\/\/pomme-d-amap.org\/index.php\/wp-json\/wp\/v2\/media?parent=1405"}],"wp:term":[{"taxonomy":"category","embeddable":true,"href":"https:\/\/pomme-d-amap.org\/index.php\/wp-json\/wp\/v2\/categories?post=1405"},{"taxonomy":"post_tag","embeddable":true,"href":"https:\/\/pomme-d-amap.org\/index.php\/wp-json\/wp\/v2\/tags?post=1405"}],"curies":[{"name":"wp","href":"https:\/\/api.w.org\/{rel}","templated":true}]}}