{"id":1424,"date":"2021-06-01T08:43:50","date_gmt":"2021-06-01T07:43:50","guid":{"rendered":"http:\/\/pomme-d-amap.org\/?p=1424"},"modified":"2021-06-01T08:43:50","modified_gmt":"2021-06-01T07:43:50","slug":"distribution-du-mardi-25-mai-2021","status":"publish","type":"post","link":"https:\/\/pomme-d-amap.org\/index.php\/2021\/06\/01\/distribution-du-mardi-25-mai-2021\/","title":{"rendered":"Distribution du mardi 25 mai 2021"},"content":{"rendered":"\n<p>Salut \u00e0 tous,<\/p>\n\n\n\n<p><br>Eh, oui! Je vous rappelle pour ceux qui seraient un peu en retard que nous reprenons les distributions le mardi, le couvre-feu \u00e0 21h nous permettant de g\u00e9rer tranquillement l&rsquo;\u00e9v\u00e8nement en fin de journ\u00e9e! En ce qui me concerne, 18h15\/18h30 max au KB, 19h max \u00e0 Ivry et le pain de Bruno qui d\u00e9sormais, ne sera plus de la veille!Bon, je vais \u00e9viter de vous parler du temps qu&rsquo;il fait, m\u00eame s&rsquo;il impacte lourdement notre programme&#8230;Disons qu&rsquo;on avance quand-m\u00eame avec la plantation des poivrons, le semis de la premi\u00e8re s\u00e9rie de haricot et un semis de radis roses, le d\u00e9sherbage des f\u00e8ves et la pr\u00e9paration des planches , tout \u00e7a sous abri. En ce qui concerne l&rsquo;ext\u00e9rieur, on va attendre la fin de la semaine, il para\u00eet que \u00e7a s&rsquo;am\u00e9liore\u2026Voici votre panier:<\/p>\n\n\n\n<ul class=\"wp-block-list\"><li>Pommes de terre primeurs 1 kg\u00a0<em>(N.B.: J&rsquo;ai les noms des personnes qui n&rsquo;ont pas eu de pommes de terre suite au bug de pes\u00e9e de la semaine derni\u00e8re, je les apporterai la semaine prochaine, un grand nombre de personnes r\u00e9cup\u00e9rant leur panier une semaine sur deux. Encore d\u00e9sol\u00e9 pour cette erreur\u2026)<\/em><\/li><li>Carottes primeurs 1 kg<\/li><li>Choucroute 2 sachets de 500 g<\/li><li>Oignons blancs 500 g<\/li><li>Radis rose (quantit\u00e9 selon r\u00e9colte)<\/li><li>Fleurs de ciboulette 1 bouquet<\/li><\/ul>\n\n\n\n<p>Voil\u00e0, bonne nuit et \u00e0 demain!<br>Marc<\/p>\n","protected":false},"excerpt":{"rendered":"<p>Salut \u00e0 tous, Eh, oui! Je vous rappelle pour ceux qui seraient un peu en retard que nous reprenons les distributions le mardi, le couvre-feu \u00e0 21h nous permettant de g\u00e9rer tranquillement l&rsquo;\u00e9v\u00e8nement en fin de journ\u00e9e! En ce qui me concerne, 18h15\/18h30 max au KB, 19h max \u00e0 Ivry et le pain de Bruno &hellip; <a href=\"https:\/\/pomme-d-amap.org\/index.php\/2021\/06\/01\/distribution-du-mardi-25-mai-2021\/\" class=\"more-link\">Continuer la lecture de <span class=\"screen-reader-text\">Distribution du mardi 25 mai 2021<\/span>  <span class=\"meta-nav\">&rarr;<\/span><\/a><\/p>\n","protected":false},"author":1,"featured_media":0,"comment_status":"closed","ping_status":"closed","sticky":false,"template":"","format":"standard","meta":{"footnotes":""},"categories":[11],"tags":[],"class_list":["post-1424","post","type-post","status-publish","format-standard","hentry","category-distributions"],"_links":{"self":[{"href":"https:\/\/pomme-d-amap.org\/index.php\/wp-json\/wp\/v2\/posts\/1424","targetHints":{"allow":["GET"]}}],"collection":[{"href":"https:\/\/pomme-d-amap.org\/index.php\/wp-json\/wp\/v2\/posts"}],"about":[{"href":"https:\/\/pomme-d-amap.org\/index.php\/wp-json\/wp\/v2\/types\/post"}],"author":[{"embeddable":true,"href":"https:\/\/pomme-d-amap.org\/index.php\/wp-json\/wp\/v2\/users\/1"}],"replies":[{"embeddable":true,"href":"https:\/\/pomme-d-amap.org\/index.php\/wp-json\/wp\/v2\/comments?post=1424"}],"version-history":[{"count":1,"href":"https:\/\/pomme-d-amap.org\/index.php\/wp-json\/wp\/v2\/posts\/1424\/revisions"}],"predecessor-version":[{"id":1425,"href":"https:\/\/pomme-d-amap.org\/index.php\/wp-json\/wp\/v2\/posts\/1424\/revisions\/1425"}],"wp:attachment":[{"href":"https:\/\/pomme-d-amap.org\/index.php\/wp-json\/wp\/v2\/media?parent=1424"}],"wp:term":[{"taxonomy":"category","embeddable":true,"href":"https:\/\/pomme-d-amap.org\/index.php\/wp-json\/wp\/v2\/categories?post=1424"},{"taxonomy":"post_tag","embeddable":true,"href":"https:\/\/pomme-d-amap.org\/index.php\/wp-json\/wp\/v2\/tags?post=1424"}],"curies":[{"name":"wp","href":"https:\/\/api.w.org\/{rel}","templated":true}]}}