{"id":1435,"date":"2021-07-09T09:00:01","date_gmt":"2021-07-09T08:00:01","guid":{"rendered":"http:\/\/pomme-d-amap.org\/?p=1435"},"modified":"2021-07-09T09:00:01","modified_gmt":"2021-07-09T08:00:01","slug":"distribution-du-mardi-29-juin-2021","status":"publish","type":"post","link":"https:\/\/pomme-d-amap.org\/index.php\/2021\/07\/09\/distribution-du-mardi-29-juin-2021\/","title":{"rendered":"Distribution du mardi 29 juin 2021"},"content":{"rendered":"\n<p>Salut \u00e0 tous,<\/p>\n\n\n\n<p><br>Entre les coups de chaud et les averses, nous continuons \u00e0 enchainer les grosses journ\u00e9es sur la ferme et les parcelles sont de plus en plus garnies. Merci aux amapiens de samedi pour un chantier de d\u00e9sherbage d&rsquo;oignons o\u00f9 St Augustin est miraculeusement pass\u00e9e entre les gouttes dans une ambiance moite et orageuse, la journ\u00e9e a \u00e9t\u00e9 intense et efficace! Nous avons cette semaine continu\u00e9 la taille et le palissage des tomates dont le rougissement commence un peu \u00e0 fr\u00e9mir, fini d&rsquo;installer les gouttes \u00e0 gouttes dans le tri-tunnel, plant\u00e9 la deuxi\u00e8me s\u00e9rie de melons, pr\u00e9par\u00e9 le sol, install\u00e9 les b\u00e2ches et plant\u00e9 les choux cabus, rouge, de Bruxelles et Kale en ext\u00e9rieur, pr\u00e9par\u00e9 les sol pour les semis \u00e0 venir et d\u00e9sherb\u00e9 les panais et les c\u00e9leris.Voici votre panier:<\/p>\n\n\n\n<ul class=\"wp-block-list\"><li>Carottes 1 kg<\/li><li>Courgettes (\u00e0 compter et r\u00e9partir)<\/li><li>Choux pointus 1 ou 2<\/li><li>Fenouil 2<\/li><li>Laitues 1<\/li><li>Radis roses (selon r\u00e9colte)<\/li><\/ul>\n\n\n\n<p><br>Voil\u00e0, bonne journ\u00e9e et \u00e0 tout \u00e0 l&rsquo;heure!<br>Marc<\/p>\n","protected":false},"excerpt":{"rendered":"<p>Salut \u00e0 tous, Entre les coups de chaud et les averses, nous continuons \u00e0 enchainer les grosses journ\u00e9es sur la ferme et les parcelles sont de plus en plus garnies. Merci aux amapiens de samedi pour un chantier de d\u00e9sherbage d&rsquo;oignons o\u00f9 St Augustin est miraculeusement pass\u00e9e entre les gouttes dans une ambiance moite et &hellip; <a href=\"https:\/\/pomme-d-amap.org\/index.php\/2021\/07\/09\/distribution-du-mardi-29-juin-2021\/\" class=\"more-link\">Continuer la lecture de <span class=\"screen-reader-text\">Distribution du mardi 29 juin 2021<\/span>  <span class=\"meta-nav\">&rarr;<\/span><\/a><\/p>\n","protected":false},"author":1,"featured_media":0,"comment_status":"closed","ping_status":"closed","sticky":false,"template":"","format":"standard","meta":{"footnotes":""},"categories":[11],"tags":[],"class_list":["post-1435","post","type-post","status-publish","format-standard","hentry","category-distributions"],"_links":{"self":[{"href":"https:\/\/pomme-d-amap.org\/index.php\/wp-json\/wp\/v2\/posts\/1435","targetHints":{"allow":["GET"]}}],"collection":[{"href":"https:\/\/pomme-d-amap.org\/index.php\/wp-json\/wp\/v2\/posts"}],"about":[{"href":"https:\/\/pomme-d-amap.org\/index.php\/wp-json\/wp\/v2\/types\/post"}],"author":[{"embeddable":true,"href":"https:\/\/pomme-d-amap.org\/index.php\/wp-json\/wp\/v2\/users\/1"}],"replies":[{"embeddable":true,"href":"https:\/\/pomme-d-amap.org\/index.php\/wp-json\/wp\/v2\/comments?post=1435"}],"version-history":[{"count":1,"href":"https:\/\/pomme-d-amap.org\/index.php\/wp-json\/wp\/v2\/posts\/1435\/revisions"}],"predecessor-version":[{"id":1436,"href":"https:\/\/pomme-d-amap.org\/index.php\/wp-json\/wp\/v2\/posts\/1435\/revisions\/1436"}],"wp:attachment":[{"href":"https:\/\/pomme-d-amap.org\/index.php\/wp-json\/wp\/v2\/media?parent=1435"}],"wp:term":[{"taxonomy":"category","embeddable":true,"href":"https:\/\/pomme-d-amap.org\/index.php\/wp-json\/wp\/v2\/categories?post=1435"},{"taxonomy":"post_tag","embeddable":true,"href":"https:\/\/pomme-d-amap.org\/index.php\/wp-json\/wp\/v2\/tags?post=1435"}],"curies":[{"name":"wp","href":"https:\/\/api.w.org\/{rel}","templated":true}]}}