{"id":1437,"date":"2021-07-09T09:01:04","date_gmt":"2021-07-09T08:01:04","guid":{"rendered":"http:\/\/pomme-d-amap.org\/?p=1437"},"modified":"2021-07-09T09:01:04","modified_gmt":"2021-07-09T08:01:04","slug":"distribution-du-mardi-6-juillet-2021","status":"publish","type":"post","link":"https:\/\/pomme-d-amap.org\/index.php\/2021\/07\/09\/distribution-du-mardi-6-juillet-2021\/","title":{"rendered":"Distribution du mardi 6 juillet 2021"},"content":{"rendered":"\n<p>Salut \u00e0 tous,<\/p>\n\n\n\n<p><br>Pas facile de se croire tous les jours en \u00e9t\u00e9 avec un temps pareil&#8230;On va dire qu&rsquo;on n&rsquo;a pas \u00e0 se plaindre de la s\u00e9cheresse cette ann\u00e9e&#8230;Les tomates m\u00fbrissent petit \u00e0 petit, les aubergines, concombres et poivrons apparaissent mais tout \u00e7a prend bien son temps.Nous avons r\u00e9ussi \u00e0 boucler le chantier de semis de carottes de conservation en profitant des quelques cr\u00e9neaux secs ainsi que la fin de la plantation des choux d&rsquo;automne et d&rsquo;hiver (de Pontoise, de Milan, fleurs, brocolis, romanesco et \u00e0 choucroute). Nous avons \u00e9galement plant\u00e9 basilic et piments en serre et continu\u00e9 la taille et le palissage des tomates.Voici votre panier:<\/p>\n\n\n\n<ul class=\"wp-block-list\"><li>Pommes de terre 1 kg<\/li><li>Fenouil 2<\/li><li>Radis roses (quantit\u00e9 selon r\u00e9colte)<\/li><li>Courgettes (\u00e0 r\u00e9partir)<\/li><li>Laitues 2<\/li><li>F\u00e8ves (quantit\u00e9 selon r\u00e9colte)<\/li><\/ul>\n\n\n\n<p><br>Voil\u00e0, bonne journ\u00e9e et \u00e0 tout \u00e0 l&rsquo;heure!<br>Marc<\/p>\n","protected":false},"excerpt":{"rendered":"<p>Salut \u00e0 tous, Pas facile de se croire tous les jours en \u00e9t\u00e9 avec un temps pareil&#8230;On va dire qu&rsquo;on n&rsquo;a pas \u00e0 se plaindre de la s\u00e9cheresse cette ann\u00e9e&#8230;Les tomates m\u00fbrissent petit \u00e0 petit, les aubergines, concombres et poivrons apparaissent mais tout \u00e7a prend bien son temps.Nous avons r\u00e9ussi \u00e0 boucler le chantier de &hellip; <a href=\"https:\/\/pomme-d-amap.org\/index.php\/2021\/07\/09\/distribution-du-mardi-6-juillet-2021\/\" class=\"more-link\">Continuer la lecture de <span class=\"screen-reader-text\">Distribution du mardi 6 juillet 2021<\/span>  <span class=\"meta-nav\">&rarr;<\/span><\/a><\/p>\n","protected":false},"author":1,"featured_media":0,"comment_status":"closed","ping_status":"closed","sticky":false,"template":"","format":"standard","meta":{"footnotes":""},"categories":[11],"tags":[],"class_list":["post-1437","post","type-post","status-publish","format-standard","hentry","category-distributions"],"_links":{"self":[{"href":"https:\/\/pomme-d-amap.org\/index.php\/wp-json\/wp\/v2\/posts\/1437","targetHints":{"allow":["GET"]}}],"collection":[{"href":"https:\/\/pomme-d-amap.org\/index.php\/wp-json\/wp\/v2\/posts"}],"about":[{"href":"https:\/\/pomme-d-amap.org\/index.php\/wp-json\/wp\/v2\/types\/post"}],"author":[{"embeddable":true,"href":"https:\/\/pomme-d-amap.org\/index.php\/wp-json\/wp\/v2\/users\/1"}],"replies":[{"embeddable":true,"href":"https:\/\/pomme-d-amap.org\/index.php\/wp-json\/wp\/v2\/comments?post=1437"}],"version-history":[{"count":1,"href":"https:\/\/pomme-d-amap.org\/index.php\/wp-json\/wp\/v2\/posts\/1437\/revisions"}],"predecessor-version":[{"id":1438,"href":"https:\/\/pomme-d-amap.org\/index.php\/wp-json\/wp\/v2\/posts\/1437\/revisions\/1438"}],"wp:attachment":[{"href":"https:\/\/pomme-d-amap.org\/index.php\/wp-json\/wp\/v2\/media?parent=1437"}],"wp:term":[{"taxonomy":"category","embeddable":true,"href":"https:\/\/pomme-d-amap.org\/index.php\/wp-json\/wp\/v2\/categories?post=1437"},{"taxonomy":"post_tag","embeddable":true,"href":"https:\/\/pomme-d-amap.org\/index.php\/wp-json\/wp\/v2\/tags?post=1437"}],"curies":[{"name":"wp","href":"https:\/\/api.w.org\/{rel}","templated":true}]}}