{"id":1441,"date":"2021-07-20T08:37:13","date_gmt":"2021-07-20T07:37:13","guid":{"rendered":"http:\/\/pomme-d-amap.org\/?p=1441"},"modified":"2021-07-20T08:37:13","modified_gmt":"2021-07-20T07:37:13","slug":"distribution-du-mardi-13-juillet-2021","status":"publish","type":"post","link":"https:\/\/pomme-d-amap.org\/index.php\/2021\/07\/20\/distribution-du-mardi-13-juillet-2021\/","title":{"rendered":"Distribution du mardi 13 juillet 2021"},"content":{"rendered":"\n<p>Salut \u00e0 tous,<br>Je dois vous avouer que trouver des motifs de satisfaction en cette p\u00e9riode pluvieuse n&rsquo;est pas chose \u00e9vidente&#8230;le beau temps, en tout cas plus calme, serait de retour pour vendredi&#8230;En attendant, outre la pression des adventices (tout pousse, \u00e7a c&rsquo;est s\u00fbr&#8230;), on commence \u00e0 se battre contre les maladies et notamment le mildiou qui est comme un poisson dans l&rsquo;eau avec chaleur et humidit\u00e9. Les oignons commencent \u00e0 \u00eatre impact\u00e9s, les pommes de terre semblent \u00e9pargn\u00e9es et les tomates \u00e9galement contrairement \u00e0 pas mal de mara\u00eechers franciliens dont la gal\u00e8re commence&#8230;Bref, il est temps que l&rsquo;\u00e9t\u00e9 s&rsquo;installe. En attendant les l\u00e9gumes d&rsquo;\u00e9t\u00e9 arrivent peu \u00e0 peu m\u00eame si les tomates mettent \u00e9videmment du temps \u00e0 rougir. Nous avons r\u00e9colt\u00e9 les premi\u00e8res, esp\u00e9rons que le retour du soleil les booste pour de bon. Sur le front des derniers gros chantiers de l&rsquo;\u00e9t\u00e9 (semis de betteraves, navets, radis raves et plantation des poireaux), nous n&rsquo;avons qu&rsquo;\u00e0 regarder le ciel et attendre que \u00e7a passe&#8230;Voici votre panier:<\/p>\n\n\n\n<ul class=\"wp-block-list\"><li>Courgettes 3<\/li><li>F\u00e8ves 1,2 kg<\/li><li>Blettes (quantit\u00e9 selon r\u00e9colte)<\/li><li>Aubergine 1<\/li><li>Poivrons 2<\/li><li>Persil 1 bouquet<\/li><\/ul>\n\n\n\n<p><br>Voil\u00e0, bonne journ\u00e9e et \u00e0 tout \u00e0 l&rsquo;heure!<br>Marc<\/p>\n","protected":false},"excerpt":{"rendered":"<p>Salut \u00e0 tous,Je dois vous avouer que trouver des motifs de satisfaction en cette p\u00e9riode pluvieuse n&rsquo;est pas chose \u00e9vidente&#8230;le beau temps, en tout cas plus calme, serait de retour pour vendredi&#8230;En attendant, outre la pression des adventices (tout pousse, \u00e7a c&rsquo;est s\u00fbr&#8230;), on commence \u00e0 se battre contre les maladies et notamment le mildiou &hellip; <a href=\"https:\/\/pomme-d-amap.org\/index.php\/2021\/07\/20\/distribution-du-mardi-13-juillet-2021\/\" class=\"more-link\">Continuer la lecture de <span class=\"screen-reader-text\">Distribution du mardi 13 juillet 2021<\/span>  <span class=\"meta-nav\">&rarr;<\/span><\/a><\/p>\n","protected":false},"author":1,"featured_media":0,"comment_status":"closed","ping_status":"closed","sticky":false,"template":"","format":"standard","meta":{"footnotes":""},"categories":[11],"tags":[],"class_list":["post-1441","post","type-post","status-publish","format-standard","hentry","category-distributions"],"_links":{"self":[{"href":"https:\/\/pomme-d-amap.org\/index.php\/wp-json\/wp\/v2\/posts\/1441","targetHints":{"allow":["GET"]}}],"collection":[{"href":"https:\/\/pomme-d-amap.org\/index.php\/wp-json\/wp\/v2\/posts"}],"about":[{"href":"https:\/\/pomme-d-amap.org\/index.php\/wp-json\/wp\/v2\/types\/post"}],"author":[{"embeddable":true,"href":"https:\/\/pomme-d-amap.org\/index.php\/wp-json\/wp\/v2\/users\/1"}],"replies":[{"embeddable":true,"href":"https:\/\/pomme-d-amap.org\/index.php\/wp-json\/wp\/v2\/comments?post=1441"}],"version-history":[{"count":1,"href":"https:\/\/pomme-d-amap.org\/index.php\/wp-json\/wp\/v2\/posts\/1441\/revisions"}],"predecessor-version":[{"id":1442,"href":"https:\/\/pomme-d-amap.org\/index.php\/wp-json\/wp\/v2\/posts\/1441\/revisions\/1442"}],"wp:attachment":[{"href":"https:\/\/pomme-d-amap.org\/index.php\/wp-json\/wp\/v2\/media?parent=1441"}],"wp:term":[{"taxonomy":"category","embeddable":true,"href":"https:\/\/pomme-d-amap.org\/index.php\/wp-json\/wp\/v2\/categories?post=1441"},{"taxonomy":"post_tag","embeddable":true,"href":"https:\/\/pomme-d-amap.org\/index.php\/wp-json\/wp\/v2\/tags?post=1441"}],"curies":[{"name":"wp","href":"https:\/\/api.w.org\/{rel}","templated":true}]}}