{"id":1452,"date":"2021-09-19T20:01:12","date_gmt":"2021-09-19T19:01:12","guid":{"rendered":"http:\/\/pomme-d-amap.org\/?p=1452"},"modified":"2021-09-19T20:01:41","modified_gmt":"2021-09-19T19:01:41","slug":"distribution-du-mardi-14-septembre-2021","status":"publish","type":"post","link":"https:\/\/pomme-d-amap.org\/index.php\/2021\/09\/19\/distribution-du-mardi-14-septembre-2021\/","title":{"rendered":"Distribution du mardi 14 septembre 2021"},"content":{"rendered":"\n<p>Salut \u00e0 tous,<br>Le changement de saison n&rsquo;est pas encore l\u00e0 mais les plantations d&rsquo;automne sous abri ont d\u00e9j\u00e0 recommenc\u00e9 \u00e0 la ferme : \u00e9pinards, laitues- \u00e0 venir, m\u00e2che et blette. Malgr\u00e9 tout, si l&rsquo;intensit\u00e9 des r\u00e9coltes d&rsquo;\u00e9t\u00e9 faiblit, cela continue \u00e0 nous prendre beaucoup de temps, ainsi que le d\u00e9sherbage, massif (poireaux, carottes&#8230;).Je remets le lien pour la\u00a0<u><strong>r\u00e9colte des pommes de terre<\/strong><\/u>\u00a0qui aura lieu\u00a0<strong>samedi 18 septembre<\/strong>\u00a0pour ceux qui d\u00e9sireraient venir et qui ne seraient pas encore inscrits. Le dimanche ne sera finalement pas n\u00e9cessaire vu le nombre d&rsquo;inscrits. Voici le panier :<\/p>\n\n\n\n<ul class=\"wp-block-list\"><li>tomates 1.5 kg<\/li><li>aubergine 1<\/li><li>chou pak- cho\u00ef 2<\/li><li>ail 2 t\u00eates<\/li><li>haricots 600 g<\/li><li>poivrons 2<\/li><li>concombres 2<\/li><li>melon 1 ou 2 petits<\/li><li>persil 1 bouquet\u00a0<\/li><\/ul>\n\n\n\n<p><\/p>\n\n\n\n<p><br>Voil\u00e0, bonne journ\u00e9e et \u00e0 tout \u00e0 l&rsquo;heure!<br>Marc<\/p>\n","protected":false},"excerpt":{"rendered":"<p>Salut \u00e0 tous,Le changement de saison n&rsquo;est pas encore l\u00e0 mais les plantations d&rsquo;automne sous abri ont d\u00e9j\u00e0 recommenc\u00e9 \u00e0 la ferme : \u00e9pinards, laitues- \u00e0 venir, m\u00e2che et blette. Malgr\u00e9 tout, si l&rsquo;intensit\u00e9 des r\u00e9coltes d&rsquo;\u00e9t\u00e9 faiblit, cela continue \u00e0 nous prendre beaucoup de temps, ainsi que le d\u00e9sherbage, massif (poireaux, carottes&#8230;).Je remets le &hellip; <a href=\"https:\/\/pomme-d-amap.org\/index.php\/2021\/09\/19\/distribution-du-mardi-14-septembre-2021\/\" class=\"more-link\">Continuer la lecture de <span class=\"screen-reader-text\">Distribution du mardi 14 septembre 2021<\/span>  <span class=\"meta-nav\">&rarr;<\/span><\/a><\/p>\n","protected":false},"author":1,"featured_media":0,"comment_status":"closed","ping_status":"closed","sticky":false,"template":"","format":"standard","meta":{"footnotes":""},"categories":[11],"tags":[],"class_list":["post-1452","post","type-post","status-publish","format-standard","hentry","category-distributions"],"_links":{"self":[{"href":"https:\/\/pomme-d-amap.org\/index.php\/wp-json\/wp\/v2\/posts\/1452","targetHints":{"allow":["GET"]}}],"collection":[{"href":"https:\/\/pomme-d-amap.org\/index.php\/wp-json\/wp\/v2\/posts"}],"about":[{"href":"https:\/\/pomme-d-amap.org\/index.php\/wp-json\/wp\/v2\/types\/post"}],"author":[{"embeddable":true,"href":"https:\/\/pomme-d-amap.org\/index.php\/wp-json\/wp\/v2\/users\/1"}],"replies":[{"embeddable":true,"href":"https:\/\/pomme-d-amap.org\/index.php\/wp-json\/wp\/v2\/comments?post=1452"}],"version-history":[{"count":2,"href":"https:\/\/pomme-d-amap.org\/index.php\/wp-json\/wp\/v2\/posts\/1452\/revisions"}],"predecessor-version":[{"id":1454,"href":"https:\/\/pomme-d-amap.org\/index.php\/wp-json\/wp\/v2\/posts\/1452\/revisions\/1454"}],"wp:attachment":[{"href":"https:\/\/pomme-d-amap.org\/index.php\/wp-json\/wp\/v2\/media?parent=1452"}],"wp:term":[{"taxonomy":"category","embeddable":true,"href":"https:\/\/pomme-d-amap.org\/index.php\/wp-json\/wp\/v2\/categories?post=1452"},{"taxonomy":"post_tag","embeddable":true,"href":"https:\/\/pomme-d-amap.org\/index.php\/wp-json\/wp\/v2\/tags?post=1452"}],"curies":[{"name":"wp","href":"https:\/\/api.w.org\/{rel}","templated":true}]}}