{"id":1465,"date":"2021-10-09T17:27:00","date_gmt":"2021-10-09T16:27:00","guid":{"rendered":"http:\/\/pomme-d-amap.org\/?p=1465"},"modified":"2021-10-09T17:26:56","modified_gmt":"2021-10-09T16:26:56","slug":"distribution-du-mardi-28-septembre-2021","status":"publish","type":"post","link":"https:\/\/pomme-d-amap.org\/index.php\/2021\/10\/09\/distribution-du-mardi-28-septembre-2021\/","title":{"rendered":"Distribution du mardi 28 septembre 2021"},"content":{"rendered":"\n<p>Salut \u00e0 tous,<br>Un peu plus de fra\u00eecheur et les l\u00e9gumes d&rsquo;\u00e9t\u00e9 continuent doucement leur d\u00e9clin. Bon, ils restent majoritaire dans votre panier mais on sent doucement l&rsquo;automne arriver. On continue les plantations sous abri et on met quotidiennement au s\u00e9chage les oignons et les \u00e9chalotes. A ce propos, comme vous l&rsquo;a annonc\u00e9 votre bureau, je vous attends samedi 2 octobre sur la ferme pour une s\u00e9ance de r\u00e9colte d&rsquo;oignons et de courges si nous avons le temps. Pas d&rsquo;inscriptions, si vous \u00eates deux ou trois, on fera quelques caisses, si vous \u00eates vingt, on finira peut-\u00eatre les oignons, si je suis tout seul, je me ferai une tarte \u00e0 l&rsquo;oignon. RV vers 10h comme d&rsquo;habitude pour les chantiers! Je vous renverrai comme souvent ces derni\u00e8res semaines un mail en cours de journ\u00e9e pour le panier finalis\u00e9 mais il devrait comporter:<\/p>\n\n\n\n<ul class=\"wp-block-list\"><li>tomates 1.5 kg<\/li><li>aubergines 2<\/li><li>haricots 600 g<\/li><li>concombres 2<\/li><li>poivrons 2<\/li><li>laitues 1 + 2 petits coeurs<\/li><li>melon 1 ou 2 petits<\/li><li>blettes 800 g<\/li><li>\u00e9chalotes 400 g<\/li><\/ul>\n\n\n\n<p>Voil\u00e0, bonne journ\u00e9e et \u00e0 tout \u00e0 l&rsquo;heure!<br>Marc<\/p>\n","protected":false},"excerpt":{"rendered":"<p>Salut \u00e0 tous,Un peu plus de fra\u00eecheur et les l\u00e9gumes d&rsquo;\u00e9t\u00e9 continuent doucement leur d\u00e9clin. Bon, ils restent majoritaire dans votre panier mais on sent doucement l&rsquo;automne arriver. On continue les plantations sous abri et on met quotidiennement au s\u00e9chage les oignons et les \u00e9chalotes. A ce propos, comme vous l&rsquo;a annonc\u00e9 votre bureau, je &hellip; <a href=\"https:\/\/pomme-d-amap.org\/index.php\/2021\/10\/09\/distribution-du-mardi-28-septembre-2021\/\" class=\"more-link\">Continuer la lecture de <span class=\"screen-reader-text\">Distribution du mardi 28 septembre 2021<\/span>  <span class=\"meta-nav\">&rarr;<\/span><\/a><\/p>\n","protected":false},"author":1,"featured_media":0,"comment_status":"closed","ping_status":"closed","sticky":false,"template":"","format":"standard","meta":{"footnotes":""},"categories":[11],"tags":[],"class_list":["post-1465","post","type-post","status-publish","format-standard","hentry","category-distributions"],"_links":{"self":[{"href":"https:\/\/pomme-d-amap.org\/index.php\/wp-json\/wp\/v2\/posts\/1465","targetHints":{"allow":["GET"]}}],"collection":[{"href":"https:\/\/pomme-d-amap.org\/index.php\/wp-json\/wp\/v2\/posts"}],"about":[{"href":"https:\/\/pomme-d-amap.org\/index.php\/wp-json\/wp\/v2\/types\/post"}],"author":[{"embeddable":true,"href":"https:\/\/pomme-d-amap.org\/index.php\/wp-json\/wp\/v2\/users\/1"}],"replies":[{"embeddable":true,"href":"https:\/\/pomme-d-amap.org\/index.php\/wp-json\/wp\/v2\/comments?post=1465"}],"version-history":[{"count":2,"href":"https:\/\/pomme-d-amap.org\/index.php\/wp-json\/wp\/v2\/posts\/1465\/revisions"}],"predecessor-version":[{"id":1469,"href":"https:\/\/pomme-d-amap.org\/index.php\/wp-json\/wp\/v2\/posts\/1465\/revisions\/1469"}],"wp:attachment":[{"href":"https:\/\/pomme-d-amap.org\/index.php\/wp-json\/wp\/v2\/media?parent=1465"}],"wp:term":[{"taxonomy":"category","embeddable":true,"href":"https:\/\/pomme-d-amap.org\/index.php\/wp-json\/wp\/v2\/categories?post=1465"},{"taxonomy":"post_tag","embeddable":true,"href":"https:\/\/pomme-d-amap.org\/index.php\/wp-json\/wp\/v2\/tags?post=1465"}],"curies":[{"name":"wp","href":"https:\/\/api.w.org\/{rel}","templated":true}]}}