{"id":1478,"date":"2021-10-31T15:58:31","date_gmt":"2021-10-31T14:58:31","guid":{"rendered":"http:\/\/pomme-d-amap.org\/?p=1478"},"modified":"2021-10-31T15:58:31","modified_gmt":"2021-10-31T14:58:31","slug":"distribution-du-mardi-12-octobre-2021","status":"publish","type":"post","link":"https:\/\/pomme-d-amap.org\/index.php\/2021\/10\/31\/distribution-du-mardi-12-octobre-2021\/","title":{"rendered":"Distribution du mardi 12 octobre 2021"},"content":{"rendered":"\n<p>Salut \u00e0 tous,<br>Tout d&rsquo;abord, encore un grand merci pour vos d\u00e9licates attention de la semaine pass\u00e9e! Ce n&rsquo;est pas le tout de passer une dizaine, encore faut-il la passer en bonne compagnie&#8230;Sur le front Est-francilien, nous avons fini de r\u00e9colter les oignons, une partie est d\u00e9j\u00e0 dans les frigos, l&rsquo;autre toujours au s\u00e9chage. Les courges sont au 3\/4 r\u00e9colt\u00e9es et un quart d\u00e9j\u00e0 rang\u00e9es dans la chambre d\u00e9di\u00e9e apr\u00e8s nettoyage et pon\u00e7age des r\u00e9sidus de l&rsquo;ann\u00e9e pass\u00e9e. Sinon, comme on s&rsquo;ennuyait, on\u00a0a\u00a0\u00e9galement plant\u00e9 du persil, du cresson, de la m\u00e2che et du pourpier sous abri.\u00a0Les l\u00e9gumes d&rsquo;\u00e9t\u00e9 font de la r\u00e9sistance et, pour certains, garniront encore vos paniers, qui, comme d&rsquo;habitude ces derni\u00e8res semaines, seront finalis\u00e9s dans la journ\u00e9e. Ils comprendront:<\/p>\n\n\n\n<ul class=\"wp-block-list\"><li>Tomates (\u00e0 peser)<\/li><li>Aubergines ou concombres et\/ou poivrons \u00e0 r\u00e9partir selon r\u00e9colte<\/li><li>Carottes 1 kg<\/li><li>Chicor\u00e9e scarole ou fris\u00e9e 1 (elles sont grandes et \u00e0 couper sans souci)<\/li><li>Oignons rouges longs Simiane 600 g<\/li><li>Choux fleurs 1<\/li><li>Persil 1 bouquet<\/li><\/ul>\n\n\n\n<p>Voil\u00e0, bonne journ\u00e9e et \u00e0 ce soir!<br>Marc<\/p>\n","protected":false},"excerpt":{"rendered":"<p>Salut \u00e0 tous,Tout d&rsquo;abord, encore un grand merci pour vos d\u00e9licates attention de la semaine pass\u00e9e! Ce n&rsquo;est pas le tout de passer une dizaine, encore faut-il la passer en bonne compagnie&#8230;Sur le front Est-francilien, nous avons fini de r\u00e9colter les oignons, une partie est d\u00e9j\u00e0 dans les frigos, l&rsquo;autre toujours au s\u00e9chage. Les courges &hellip; <a href=\"https:\/\/pomme-d-amap.org\/index.php\/2021\/10\/31\/distribution-du-mardi-12-octobre-2021\/\" class=\"more-link\">Continuer la lecture de <span class=\"screen-reader-text\">Distribution du mardi 12 octobre 2021<\/span>  <span class=\"meta-nav\">&rarr;<\/span><\/a><\/p>\n","protected":false},"author":1,"featured_media":0,"comment_status":"closed","ping_status":"closed","sticky":false,"template":"","format":"standard","meta":{"footnotes":""},"categories":[11],"tags":[],"class_list":["post-1478","post","type-post","status-publish","format-standard","hentry","category-distributions"],"_links":{"self":[{"href":"https:\/\/pomme-d-amap.org\/index.php\/wp-json\/wp\/v2\/posts\/1478","targetHints":{"allow":["GET"]}}],"collection":[{"href":"https:\/\/pomme-d-amap.org\/index.php\/wp-json\/wp\/v2\/posts"}],"about":[{"href":"https:\/\/pomme-d-amap.org\/index.php\/wp-json\/wp\/v2\/types\/post"}],"author":[{"embeddable":true,"href":"https:\/\/pomme-d-amap.org\/index.php\/wp-json\/wp\/v2\/users\/1"}],"replies":[{"embeddable":true,"href":"https:\/\/pomme-d-amap.org\/index.php\/wp-json\/wp\/v2\/comments?post=1478"}],"version-history":[{"count":1,"href":"https:\/\/pomme-d-amap.org\/index.php\/wp-json\/wp\/v2\/posts\/1478\/revisions"}],"predecessor-version":[{"id":1479,"href":"https:\/\/pomme-d-amap.org\/index.php\/wp-json\/wp\/v2\/posts\/1478\/revisions\/1479"}],"wp:attachment":[{"href":"https:\/\/pomme-d-amap.org\/index.php\/wp-json\/wp\/v2\/media?parent=1478"}],"wp:term":[{"taxonomy":"category","embeddable":true,"href":"https:\/\/pomme-d-amap.org\/index.php\/wp-json\/wp\/v2\/categories?post=1478"},{"taxonomy":"post_tag","embeddable":true,"href":"https:\/\/pomme-d-amap.org\/index.php\/wp-json\/wp\/v2\/tags?post=1478"}],"curies":[{"name":"wp","href":"https:\/\/api.w.org\/{rel}","templated":true}]}}