{"id":1513,"date":"2021-11-09T09:18:19","date_gmt":"2021-11-09T08:18:19","guid":{"rendered":"http:\/\/pomme-d-amap.org\/?p=1513"},"modified":"2021-11-09T09:20:00","modified_gmt":"2021-11-09T08:20:00","slug":"distribution-du-mardi-9-novembre-eae","status":"publish","type":"post","link":"https:\/\/pomme-d-amap.org\/index.php\/2021\/11\/09\/distribution-du-mardi-9-novembre-eae\/","title":{"rendered":"Distribution du mardi 9 novembre 2021"},"content":{"rendered":"\n<p>Salut \u00e0 tous,<\/p>\n\n\n\n<p><br>Bon finalement, les cultures sous le bi-tunnel ont tenu le choc et la serre est d\u00e9sormais r\u00e9par\u00e9e et rebach\u00e9e gr\u00e2ce \u00e0 un boulot de deux jours assez efficace&#8230;ouf!Pour le reste, entre l&rsquo;arrachage des pieds des l\u00e9gumes d&rsquo;\u00e9t\u00e9, la pr\u00e9paration du sol, les plantations sous abri (cresson al\u00e9nois, m\u00e2che, ail primeur&#8230;) et le rangement de la parcelle d\u00e9sormais joliment agr\u00e9ment\u00e9e des d\u00e9chets de l&rsquo;ancienne b\u00e2che du bi-tunnel et des ch\u00e9neaux, le travail ne manque pas&#8230;Je mets une derni\u00e8re fois le lien pour le chantier\u00a0<strong>carottes\u00a0<\/strong>pour les retardataires. D\u00e9but des hostilit\u00e9s samedi \u00e0 10h, repas partag\u00e9 ou individuel en fonction des d\u00e9sirs de chacun!Concernant le vin, voici \u00e9galement le\u00a0<strong>lien\u00a0<\/strong>pour ceux qui n&rsquo;auraient pas command\u00e9, Francis a rallong\u00e9 le d\u00e9lai jusqu&rsquo;\u00e0 vendredi matin! Je vous joins \u00e9galement un\u00a0<a rel=\"noreferrer noopener\" href=\"https:\/\/drive.google.com\/file\/d\/1oIhnjmTL25Wd0z3J-XVmLJN6zKhxZ_1p\/view?ts=6183b763\" target=\"_blank\"><strong>doc PDF en ligne<\/strong><\/a>\u00a0pour plus d&rsquo;infos sur les vins.<br>Voici votre panier:<\/p>\n\n\n\n<ul class=\"wp-block-list\"><li>Pommes de terre 1.5 kg<\/li><li>Oignons jaunes 600 g<\/li><li>Courge musqu\u00e9e 1 part (2 kg environ)<\/li><li>Tomates vertes 1.8 kg<\/li><li>Poivrons 4<\/li><li>Choux kale (quantit\u00e9 selon r\u00e9colte)<\/li><li>C\u00e9leri branche (quantit\u00e9 selon r\u00e9colte)<\/li><\/ul>\n\n\n\n<p><br>Voil\u00e0, bonne journ\u00e9e et \u00e0 ce soir<br>Marc<\/p>\n","protected":false},"excerpt":{"rendered":"<p>Salut \u00e0 tous, Bon finalement, les cultures sous le bi-tunnel ont tenu le choc et la serre est d\u00e9sormais r\u00e9par\u00e9e et rebach\u00e9e gr\u00e2ce \u00e0 un boulot de deux jours assez efficace&#8230;ouf!Pour le reste, entre l&rsquo;arrachage des pieds des l\u00e9gumes d&rsquo;\u00e9t\u00e9, la pr\u00e9paration du sol, les plantations sous abri (cresson al\u00e9nois, m\u00e2che, ail primeur&#8230;) et le &hellip; <a href=\"https:\/\/pomme-d-amap.org\/index.php\/2021\/11\/09\/distribution-du-mardi-9-novembre-eae\/\" class=\"more-link\">Continuer la lecture de <span class=\"screen-reader-text\">Distribution du mardi 9 novembre 2021<\/span>  <span class=\"meta-nav\">&rarr;<\/span><\/a><\/p>\n","protected":false},"author":1,"featured_media":0,"comment_status":"closed","ping_status":"closed","sticky":false,"template":"","format":"standard","meta":{"footnotes":""},"categories":[11],"tags":[],"class_list":["post-1513","post","type-post","status-publish","format-standard","hentry","category-distributions"],"_links":{"self":[{"href":"https:\/\/pomme-d-amap.org\/index.php\/wp-json\/wp\/v2\/posts\/1513","targetHints":{"allow":["GET"]}}],"collection":[{"href":"https:\/\/pomme-d-amap.org\/index.php\/wp-json\/wp\/v2\/posts"}],"about":[{"href":"https:\/\/pomme-d-amap.org\/index.php\/wp-json\/wp\/v2\/types\/post"}],"author":[{"embeddable":true,"href":"https:\/\/pomme-d-amap.org\/index.php\/wp-json\/wp\/v2\/users\/1"}],"replies":[{"embeddable":true,"href":"https:\/\/pomme-d-amap.org\/index.php\/wp-json\/wp\/v2\/comments?post=1513"}],"version-history":[{"count":4,"href":"https:\/\/pomme-d-amap.org\/index.php\/wp-json\/wp\/v2\/posts\/1513\/revisions"}],"predecessor-version":[{"id":1517,"href":"https:\/\/pomme-d-amap.org\/index.php\/wp-json\/wp\/v2\/posts\/1513\/revisions\/1517"}],"wp:attachment":[{"href":"https:\/\/pomme-d-amap.org\/index.php\/wp-json\/wp\/v2\/media?parent=1513"}],"wp:term":[{"taxonomy":"category","embeddable":true,"href":"https:\/\/pomme-d-amap.org\/index.php\/wp-json\/wp\/v2\/categories?post=1513"},{"taxonomy":"post_tag","embeddable":true,"href":"https:\/\/pomme-d-amap.org\/index.php\/wp-json\/wp\/v2\/tags?post=1513"}],"curies":[{"name":"wp","href":"https:\/\/api.w.org\/{rel}","templated":true}]}}