{"id":1533,"date":"2021-12-13T11:55:05","date_gmt":"2021-12-13T10:55:05","guid":{"rendered":"http:\/\/pomme-d-amap.org\/?p=1533"},"modified":"2021-12-13T11:55:05","modified_gmt":"2021-12-13T10:55:05","slug":"distribution-du-mardi-16-novembre-2021","status":"publish","type":"post","link":"https:\/\/pomme-d-amap.org\/index.php\/2021\/12\/13\/distribution-du-mardi-16-novembre-2021\/","title":{"rendered":"Distribution du mardi 16 novembre 2021"},"content":{"rendered":"\n<p>Salut \u00e0 tous,<br>D&rsquo;abord merci \u00e0 tous ceux qui \u00e9taient pr\u00e9sents lors du chantier carottes de samedi! Comme je vous l&rsquo;ai d\u00e9j\u00e0 dit, il en reste malheureusement un bon paquet \u00e0 rentrer et nous relan\u00e7ons la machine samedi 20\u00a0novembre\u00a0pour essayer d&rsquo;en stocker un peu plus. Voici le\u00a0<a rel=\"noreferrer noopener\" href=\"https:\/\/framadate.org\/bvX87De3Ug778AWb\" target=\"_blank\"><strong>lien<\/strong>\u00a0<\/a>pour les inscriptions. Je redemande \u00e0 ceux qui s&rsquo;\u00e9taient inscrits aux deux dates par d\u00e9faut de se d\u00e9sinscrire s&rsquo;ils ne viennent pas samedi et aux autres de venir nombreux!Pour le reste, la semaine s&rsquo;est articul\u00e9e autour de la pr\u00e9paration des planches d&rsquo;ail en ext\u00e9rieur, de la suite de l&rsquo;arrachage des cultures d&rsquo;\u00e9t\u00e9, de a r\u00e9colte des radis da\u00efkon en serre, de la plantation des choux fleurs de printemps et du rangement de l&rsquo;irrigation.<br>Pour la distribution de ce soir, comme vous l&rsquo;annon\u00e7ait H\u00e9l\u00e8ne lors de son mail hier soir, je ne reste pas \u00e0 Ivry pendant la distribution. J&rsquo;ai donc besoin que les personnes de distribution soient pr\u00e9sentes vers\u00a0<strong>18h30\/40<\/strong>\u00a0pour d\u00e9charger et lancer la distribution. En fonction de la fin de distribution au Kremlin, je passerai r\u00e9cup\u00e9rer les caisses \u00e0 20h30 en fin de distrib ou je les r\u00e9cup\u00e8rerai la semaine prochaine (stockage salle du fond). Voici votre panier:<\/p>\n\n\n\n<ul class=\"wp-block-list\"><li>Pommes de terre 1.5 kg<\/li><li>Carottes 1 kg<\/li><li>Echalotes 400 g<\/li><li>Ail 2 t\u00eates<\/li><li>Choucroute 2 sachets de 500\/600 g environ<\/li><li>Blettes (quantit\u00e9 selon r\u00e9colte)<\/li><li>Laitues ou mesclun (quantit\u00e9 selon r\u00e9colte)<\/li><\/ul>\n\n\n\n<p><br>Voil\u00e0, bonne journ\u00e9e et \u00e0 ce soir!<br>Marc<\/p>\n","protected":false},"excerpt":{"rendered":"<p>Salut \u00e0 tous,D&rsquo;abord merci \u00e0 tous ceux qui \u00e9taient pr\u00e9sents lors du chantier carottes de samedi! Comme je vous l&rsquo;ai d\u00e9j\u00e0 dit, il en reste malheureusement un bon paquet \u00e0 rentrer et nous relan\u00e7ons la machine samedi 20\u00a0novembre\u00a0pour essayer d&rsquo;en stocker un peu plus. Voici le\u00a0lien\u00a0pour les inscriptions. Je redemande \u00e0 ceux qui s&rsquo;\u00e9taient inscrits &hellip; <a href=\"https:\/\/pomme-d-amap.org\/index.php\/2021\/12\/13\/distribution-du-mardi-16-novembre-2021\/\" class=\"more-link\">Continuer la lecture de <span class=\"screen-reader-text\">Distribution du mardi 16 novembre 2021<\/span>  <span class=\"meta-nav\">&rarr;<\/span><\/a><\/p>\n","protected":false},"author":1,"featured_media":0,"comment_status":"closed","ping_status":"closed","sticky":false,"template":"","format":"standard","meta":{"footnotes":""},"categories":[11],"tags":[],"class_list":["post-1533","post","type-post","status-publish","format-standard","hentry","category-distributions"],"_links":{"self":[{"href":"https:\/\/pomme-d-amap.org\/index.php\/wp-json\/wp\/v2\/posts\/1533","targetHints":{"allow":["GET"]}}],"collection":[{"href":"https:\/\/pomme-d-amap.org\/index.php\/wp-json\/wp\/v2\/posts"}],"about":[{"href":"https:\/\/pomme-d-amap.org\/index.php\/wp-json\/wp\/v2\/types\/post"}],"author":[{"embeddable":true,"href":"https:\/\/pomme-d-amap.org\/index.php\/wp-json\/wp\/v2\/users\/1"}],"replies":[{"embeddable":true,"href":"https:\/\/pomme-d-amap.org\/index.php\/wp-json\/wp\/v2\/comments?post=1533"}],"version-history":[{"count":1,"href":"https:\/\/pomme-d-amap.org\/index.php\/wp-json\/wp\/v2\/posts\/1533\/revisions"}],"predecessor-version":[{"id":1534,"href":"https:\/\/pomme-d-amap.org\/index.php\/wp-json\/wp\/v2\/posts\/1533\/revisions\/1534"}],"wp:attachment":[{"href":"https:\/\/pomme-d-amap.org\/index.php\/wp-json\/wp\/v2\/media?parent=1533"}],"wp:term":[{"taxonomy":"category","embeddable":true,"href":"https:\/\/pomme-d-amap.org\/index.php\/wp-json\/wp\/v2\/categories?post=1533"},{"taxonomy":"post_tag","embeddable":true,"href":"https:\/\/pomme-d-amap.org\/index.php\/wp-json\/wp\/v2\/tags?post=1533"}],"curies":[{"name":"wp","href":"https:\/\/api.w.org\/{rel}","templated":true}]}}