{"id":1544,"date":"2022-01-16T13:39:30","date_gmt":"2022-01-16T12:39:30","guid":{"rendered":"http:\/\/pomme-d-amap.org\/?p=1544"},"modified":"2022-01-16T13:39:57","modified_gmt":"2022-01-16T12:39:57","slug":"distribution-du-mardi-21-decembre-2021","status":"publish","type":"post","link":"https:\/\/pomme-d-amap.org\/index.php\/2022\/01\/16\/distribution-du-mardi-21-decembre-2021\/","title":{"rendered":"Distribution du mardi 21 d\u00e9cembre 2021"},"content":{"rendered":"\n<p>Salut \u00e0 tous,<\/p>\n\n\n\n<p><br>Avant la tr\u00eave des confiseurs et la gr\u00e8ve de nos appareils digestifs, deux ou trois petits rappels afin de bien terminer l&rsquo;ann\u00e9e:- 1\/Penser \u00e0 ramener vos contrats, le nombre de panier provisionn\u00e9s pour la distribution de reprise le 11 janvier correspondant au nombre de contrats r\u00e9cup\u00e9r\u00e9s. A d\u00e9faut, si vous \u00eates encore en attente de votre nouveau ch\u00e9quier ou de l&rsquo;h\u00e9ritage de votre arri\u00e8re grande tante, une simple info\u00a0<strong>ferme\u00a0<\/strong>confirmant votre pr\u00e9sence \u00e0 la reprise me suffira, nous r\u00e8glerons les affaires administratives \u00e0 ce moment l\u00e0.- 2\/Le traditionnel chantier choucroute se fera les samedis\u00a0<strong>15 ou 22 janvier,<\/strong>\u00a0je vous confirme la date dans les jours qui viennent. Pour toutes les autres dates de chantiers \u00e9voqu\u00e9es pendant l&rsquo;AG, je m&rsquo;occupe du planning pendant les f\u00eates.- 3\/Je vous souhaite de bonnes f\u00eates et vous retrouve en pleine bourre pour la rentr\u00e9e!<br>En attendant, voici le dernier panier de l&rsquo;ann\u00e9e:<\/p>\n\n\n\n<ul class=\"wp-block-list\"><li>Pommes de terre 1.5 kg<\/li><li>Potimarron 1<\/li><li>Echalotes 400 g<\/li><li>Fenouil 2<\/li><li>Choux blanc 1 ou 2 petits<\/li><li>Mesclun de laitues ou chicor\u00e9es (quantit\u00e9 selon r\u00e9colte)<\/li><\/ul>\n\n\n\n<p><br>Bonne journ\u00e9e et \u00e0 ce soir!<br>Marc<\/p>\n","protected":false},"excerpt":{"rendered":"<p>Salut \u00e0 tous, Avant la tr\u00eave des confiseurs et la gr\u00e8ve de nos appareils digestifs, deux ou trois petits rappels afin de bien terminer l&rsquo;ann\u00e9e:- 1\/Penser \u00e0 ramener vos contrats, le nombre de panier provisionn\u00e9s pour la distribution de reprise le 11 janvier correspondant au nombre de contrats r\u00e9cup\u00e9r\u00e9s. A d\u00e9faut, si vous \u00eates encore &hellip; <a href=\"https:\/\/pomme-d-amap.org\/index.php\/2022\/01\/16\/distribution-du-mardi-21-decembre-2021\/\" class=\"more-link\">Continuer la lecture de <span class=\"screen-reader-text\">Distribution du mardi 21 d\u00e9cembre 2021<\/span>  <span class=\"meta-nav\">&rarr;<\/span><\/a><\/p>\n","protected":false},"author":1,"featured_media":0,"comment_status":"closed","ping_status":"closed","sticky":false,"template":"","format":"standard","meta":{"footnotes":""},"categories":[11],"tags":[],"class_list":["post-1544","post","type-post","status-publish","format-standard","hentry","category-distributions"],"_links":{"self":[{"href":"https:\/\/pomme-d-amap.org\/index.php\/wp-json\/wp\/v2\/posts\/1544","targetHints":{"allow":["GET"]}}],"collection":[{"href":"https:\/\/pomme-d-amap.org\/index.php\/wp-json\/wp\/v2\/posts"}],"about":[{"href":"https:\/\/pomme-d-amap.org\/index.php\/wp-json\/wp\/v2\/types\/post"}],"author":[{"embeddable":true,"href":"https:\/\/pomme-d-amap.org\/index.php\/wp-json\/wp\/v2\/users\/1"}],"replies":[{"embeddable":true,"href":"https:\/\/pomme-d-amap.org\/index.php\/wp-json\/wp\/v2\/comments?post=1544"}],"version-history":[{"count":2,"href":"https:\/\/pomme-d-amap.org\/index.php\/wp-json\/wp\/v2\/posts\/1544\/revisions"}],"predecessor-version":[{"id":1546,"href":"https:\/\/pomme-d-amap.org\/index.php\/wp-json\/wp\/v2\/posts\/1544\/revisions\/1546"}],"wp:attachment":[{"href":"https:\/\/pomme-d-amap.org\/index.php\/wp-json\/wp\/v2\/media?parent=1544"}],"wp:term":[{"taxonomy":"category","embeddable":true,"href":"https:\/\/pomme-d-amap.org\/index.php\/wp-json\/wp\/v2\/categories?post=1544"},{"taxonomy":"post_tag","embeddable":true,"href":"https:\/\/pomme-d-amap.org\/index.php\/wp-json\/wp\/v2\/tags?post=1544"}],"curies":[{"name":"wp","href":"https:\/\/api.w.org\/{rel}","templated":true}]}}