{"id":1586,"date":"2022-04-19T09:42:01","date_gmt":"2022-04-19T08:42:01","guid":{"rendered":"http:\/\/pomme-d-amap.org\/?p=1586"},"modified":"2022-04-19T09:42:01","modified_gmt":"2022-04-19T08:42:01","slug":"les-chantiers-coup-de-pouce-a-la-ferme","status":"publish","type":"post","link":"https:\/\/pomme-d-amap.org\/index.php\/2022\/04\/19\/les-chantiers-coup-de-pouce-a-la-ferme\/","title":{"rendered":"Les chantiers coup de pouce \u00e0 la ferme !"},"content":{"rendered":"\n<p>Salut \u00e0 tous,<\/p>\n\n\n\n<p><br>Suite aux mails qui vous ont \u00e9t\u00e9 adress\u00e9s par vos bureaux respectifs sur les dates de\u00a0chantiers\u00a0\u00e0 la ferme 2022, voici un bref rappel des dates et des travaux probables envisag\u00e9s:<\/p>\n\n\n\n<ul class=\"wp-block-list\"><li>Dimanche\u00a0<strong>27 mars<\/strong>\u00a0(pr\u00e9paration des planches ext\u00e9rieurs, taille et entretien des fruitiers, rangement et pr\u00e9paration de la saison)<\/li><li>Samedi\u00a0<strong>16 avril<\/strong>\u00a0(plantation oignons, tomates, mise en place de b\u00e2ches&#8230;)<\/li><li>Lundi\u00a0<strong>18 avril\u00a0<\/strong>&#8211;\u00a0<em>Lundi de P\u00e2ques<\/em>\u00a0(idem)<\/li><li>Dimanche\u00a0<strong>22 mai\u00a0<\/strong>(Mise en place parcelle de courges, plantation courges, d\u00e9sherbage oignons&#8230;)<\/li><li>Jeudi\u00a0<strong>26 mai\u00a0<\/strong>(plantation courges, d\u00e9sherbage, pr\u00e9paration planches&#8230;)<\/li><li>Lundi\u00a0<strong>6 juin<\/strong>\u00a0&#8211;\u00a0<em>Lundi de Pentec\u00f4te (<\/em>Mise en\u00a0place de b\u00e2ches, plantation courgettes, melons, choux, d\u00e9sherbage&#8230;)<\/li><li>Samedi\u00a0<strong>18 juin<\/strong>\u00a0&#8211;\u00a0<strong>F\u00eate des\u00a0AMAP\u00a0<\/strong>(apr\u00e8s-midi et soir\u00e9e) \/ Plantation choux, d\u00e9sherbage oignons,\u00a0pommes de terre (matin)<\/li><li>Jeudi\u00a0<strong>14 juillet<\/strong>\u00a0&#8211;\u00a0<em>F\u00eate nationale\u00a0<\/em>(d\u00e9sherbage carottes et autres r\u00e9jouissances)<\/li><li>Dimanche\u00a0<strong>24 juillet<\/strong>\u00a0(d\u00e9sherbage carottes et autres r\u00e9jouissances)<\/li><li>Samedi\u00a0<strong>17<\/strong>\u00a0ou dimanche\u00a0<strong>18 septembre<\/strong>\u00a0&#8211;\u00a0<strong>R\u00e9colte des\u00a0pommes de terre\u00a0<\/strong>(date \u00e0 confirmer avec mes voisins pour l&rsquo;utilisation de la r\u00e9colteuse)<\/li><li>Samedi\u00a0<strong>15 octobre\u00a0<\/strong>&#8211;\u00a0<strong>R\u00e9colte des carottes<\/strong><\/li><li>Vendredi\u00a0<strong>11 novembre<\/strong>\u00a0&#8211;\u00a0<em>Armistice 14-18\u00a0<\/em>(Arrachage pieds de tomates, aubergines, nettoyage serres&#8230;)<\/li><\/ul>\n\n\n\n<p>Je vous rappelle qu&rsquo;outre les\u00a0chantiers\u00a0fix\u00e9s \u00e0 l&rsquo;avance pour permettre une meilleure organisation de chacun, le ferme est ouverte pendant toute la saison, la semaine comme les samedis, \u00e0 toute personne d\u00e9sirant venir filer un coup de main et prendre l&rsquo;air! Il suffit de m&rsquo;envoyer un mail ou de me passer un coup de fil&#8230;<\/p>\n\n\n\n<p>Voil\u00e0, bonne journ\u00e9e et \u00e0 la semaine prochaine!<br>Marc<\/p>\n","protected":false},"excerpt":{"rendered":"<p>Salut \u00e0 tous, Suite aux mails qui vous ont \u00e9t\u00e9 adress\u00e9s par vos bureaux respectifs sur les dates de\u00a0chantiers\u00a0\u00e0 la ferme 2022, voici un bref rappel des dates et des travaux probables envisag\u00e9s: Dimanche\u00a027 mars\u00a0(pr\u00e9paration des planches ext\u00e9rieurs, taille et entretien des fruitiers, rangement et pr\u00e9paration de la saison) Samedi\u00a016 avril\u00a0(plantation oignons, tomates, mise en &hellip; <a href=\"https:\/\/pomme-d-amap.org\/index.php\/2022\/04\/19\/les-chantiers-coup-de-pouce-a-la-ferme\/\" class=\"more-link\">Continuer la lecture de <span class=\"screen-reader-text\">Les chantiers coup de pouce \u00e0 la ferme !<\/span>  <span class=\"meta-nav\">&rarr;<\/span><\/a><\/p>\n","protected":false},"author":1,"featured_media":0,"comment_status":"closed","ping_status":"closed","sticky":false,"template":"","format":"standard","meta":{"footnotes":""},"categories":[11],"tags":[],"class_list":["post-1586","post","type-post","status-publish","format-standard","hentry","category-distributions"],"_links":{"self":[{"href":"https:\/\/pomme-d-amap.org\/index.php\/wp-json\/wp\/v2\/posts\/1586","targetHints":{"allow":["GET"]}}],"collection":[{"href":"https:\/\/pomme-d-amap.org\/index.php\/wp-json\/wp\/v2\/posts"}],"about":[{"href":"https:\/\/pomme-d-amap.org\/index.php\/wp-json\/wp\/v2\/types\/post"}],"author":[{"embeddable":true,"href":"https:\/\/pomme-d-amap.org\/index.php\/wp-json\/wp\/v2\/users\/1"}],"replies":[{"embeddable":true,"href":"https:\/\/pomme-d-amap.org\/index.php\/wp-json\/wp\/v2\/comments?post=1586"}],"version-history":[{"count":1,"href":"https:\/\/pomme-d-amap.org\/index.php\/wp-json\/wp\/v2\/posts\/1586\/revisions"}],"predecessor-version":[{"id":1587,"href":"https:\/\/pomme-d-amap.org\/index.php\/wp-json\/wp\/v2\/posts\/1586\/revisions\/1587"}],"wp:attachment":[{"href":"https:\/\/pomme-d-amap.org\/index.php\/wp-json\/wp\/v2\/media?parent=1586"}],"wp:term":[{"taxonomy":"category","embeddable":true,"href":"https:\/\/pomme-d-amap.org\/index.php\/wp-json\/wp\/v2\/categories?post=1586"},{"taxonomy":"post_tag","embeddable":true,"href":"https:\/\/pomme-d-amap.org\/index.php\/wp-json\/wp\/v2\/tags?post=1586"}],"curies":[{"name":"wp","href":"https:\/\/api.w.org\/{rel}","templated":true}]}}