{"id":1647,"date":"2022-09-09T09:14:23","date_gmt":"2022-09-09T08:14:23","guid":{"rendered":"http:\/\/pomme-d-amap.org\/?p=1647"},"modified":"2022-09-09T09:14:23","modified_gmt":"2022-09-09T08:14:23","slug":"distribution-du-mardi-30-aout-2022","status":"publish","type":"post","link":"https:\/\/pomme-d-amap.org\/index.php\/2022\/09\/09\/distribution-du-mardi-30-aout-2022\/","title":{"rendered":"Distribution du mardi 30 ao\u00fbt 2022"},"content":{"rendered":"\n<p>Salut \u00e0 tous,<\/p>\n\n\n\n<p><br>Ravi de vous retrouver ce soir apr\u00e8s trois semaines; J&rsquo;esp\u00e8re que l&rsquo;\u00e9t\u00e9 vous a \u00e9t\u00e9 profitable. A la ferme, tout va bien, les gars ont assur\u00e9 et globalement, tout est OK. Merci aux amapiens venus pendant mon absence, notamment r\u00e9colter des haricots, \u00e7a les a bien soulag\u00e9s!Votre panier aujourd&rsquo;hui sera compos\u00e9 d&rsquo;une grande partie des l\u00e9gumes d&rsquo;\u00e9t\u00e9 + de Choux Pak-cho\u00ef et de persil, on r\u00e9partie et finalise aujourd&rsquo;hui.<\/p>\n\n\n\n<p>Je vous rappelle que le prochain chantier de r\u00e9colte des pommes de terre approche puisqu&rsquo;il aura lieu le\u00a0<strong>samedi 17 septembre<\/strong>. Une dizaine de personnes sont d\u00e9j\u00e0 inscrites, c&rsquo;est le moment d&rsquo;y aller! Pour m\u00e9moire, le chantier patates est un chantier ludique, sans difficult\u00e9s majeures et que les enfants adorent mais pour lequel le nombre de participants est essentiel. Plus on est de fous&#8230;.<\/p>\n\n\n\n<p>Voil\u00e0, c&rsquo;est tout pour aujourd&rsquo;hui, bonne journ\u00e9e et \u00e0 ce soir!<br>Marc<\/p>\n","protected":false},"excerpt":{"rendered":"<p>Salut \u00e0 tous, Ravi de vous retrouver ce soir apr\u00e8s trois semaines; J&rsquo;esp\u00e8re que l&rsquo;\u00e9t\u00e9 vous a \u00e9t\u00e9 profitable. A la ferme, tout va bien, les gars ont assur\u00e9 et globalement, tout est OK. Merci aux amapiens venus pendant mon absence, notamment r\u00e9colter des haricots, \u00e7a les a bien soulag\u00e9s!Votre panier aujourd&rsquo;hui sera compos\u00e9 d&rsquo;une &hellip; <a href=\"https:\/\/pomme-d-amap.org\/index.php\/2022\/09\/09\/distribution-du-mardi-30-aout-2022\/\" class=\"more-link\">Continuer la lecture de <span class=\"screen-reader-text\">Distribution du mardi 30 ao\u00fbt 2022<\/span>  <span class=\"meta-nav\">&rarr;<\/span><\/a><\/p>\n","protected":false},"author":1,"featured_media":0,"comment_status":"closed","ping_status":"closed","sticky":false,"template":"","format":"standard","meta":{"footnotes":""},"categories":[11],"tags":[],"class_list":["post-1647","post","type-post","status-publish","format-standard","hentry","category-distributions"],"_links":{"self":[{"href":"https:\/\/pomme-d-amap.org\/index.php\/wp-json\/wp\/v2\/posts\/1647","targetHints":{"allow":["GET"]}}],"collection":[{"href":"https:\/\/pomme-d-amap.org\/index.php\/wp-json\/wp\/v2\/posts"}],"about":[{"href":"https:\/\/pomme-d-amap.org\/index.php\/wp-json\/wp\/v2\/types\/post"}],"author":[{"embeddable":true,"href":"https:\/\/pomme-d-amap.org\/index.php\/wp-json\/wp\/v2\/users\/1"}],"replies":[{"embeddable":true,"href":"https:\/\/pomme-d-amap.org\/index.php\/wp-json\/wp\/v2\/comments?post=1647"}],"version-history":[{"count":1,"href":"https:\/\/pomme-d-amap.org\/index.php\/wp-json\/wp\/v2\/posts\/1647\/revisions"}],"predecessor-version":[{"id":1648,"href":"https:\/\/pomme-d-amap.org\/index.php\/wp-json\/wp\/v2\/posts\/1647\/revisions\/1648"}],"wp:attachment":[{"href":"https:\/\/pomme-d-amap.org\/index.php\/wp-json\/wp\/v2\/media?parent=1647"}],"wp:term":[{"taxonomy":"category","embeddable":true,"href":"https:\/\/pomme-d-amap.org\/index.php\/wp-json\/wp\/v2\/categories?post=1647"},{"taxonomy":"post_tag","embeddable":true,"href":"https:\/\/pomme-d-amap.org\/index.php\/wp-json\/wp\/v2\/tags?post=1647"}],"curies":[{"name":"wp","href":"https:\/\/api.w.org\/{rel}","templated":true}]}}