{"id":1661,"date":"2022-10-10T21:40:50","date_gmt":"2022-10-10T20:40:50","guid":{"rendered":"http:\/\/pomme-d-amap.org\/?p=1661"},"modified":"2022-10-10T21:40:50","modified_gmt":"2022-10-10T20:40:50","slug":"distribution-du-mardi-27-septembre-2022","status":"publish","type":"post","link":"https:\/\/pomme-d-amap.org\/index.php\/2022\/10\/10\/distribution-du-mardi-27-septembre-2022\/","title":{"rendered":"Distribution du mardi 27 septembre 2022"},"content":{"rendered":"\n<p>Salut \u00e0 tous,<br>Petit rappel tout d&rsquo;abord: le chantier carottes aura lieu le samedi 15 octobre 2022. Pour les inscriptions, c&rsquo;est<strong><u>\u00a0<a rel=\"noreferrer noopener\" href=\"https:\/\/framadate.org\/AlfWIvRh4VGMrxOI\" target=\"_blank\">ICI<\/a><\/u><\/strong>. Au cas o\u00f9, Nico s&rsquo;occupera d&rsquo;une deuxi\u00e8me session le samedi 22 octobre avec l&rsquo;Amap du KB si vous \u00eates indisponibles le 15. Nous aviserons en fonction du travail effectu\u00e9 lors de la premi\u00e8re session. A cette occasion, Francis nous rendra visite pour partager ses vins en biodynamie, suite \u00e0 l&rsquo;annulation de sa venue le 18 juin pour manque de commandes. Je vous fais parvenir le tableau d&rsquo;ici \u00e0 la fin de la semaine, merci de faire vos commandes rapidement si vous \u00eates int\u00e9ress\u00e9s qu&rsquo;il puisse organiser ou non sa venue.Concernant le panier du jour, il y aura:<\/p>\n\n\n\n<ul class=\"wp-block-list\"><li>Tomates (\u00e0 peser)<\/li><li>Poivrons (\u00e0 compter)<\/li><li>Concombres (\u00e0 compter)<\/li><li>Fenouil 2<\/li><li>Scarole ou Fris\u00e9e 1 grosse ou 2 moyennes<\/li><li>Brocolis 2<\/li><li>Basilic ou persil selon r\u00e9colte<\/li><\/ul>\n\n\n\n<p><br>Voil\u00e0, bonne journ\u00e9e et \u00e0 ce soir!<br>Marc<\/p>\n","protected":false},"excerpt":{"rendered":"<p>Salut \u00e0 tous,Petit rappel tout d&rsquo;abord: le chantier carottes aura lieu le samedi 15 octobre 2022. Pour les inscriptions, c&rsquo;est\u00a0ICI. Au cas o\u00f9, Nico s&rsquo;occupera d&rsquo;une deuxi\u00e8me session le samedi 22 octobre avec l&rsquo;Amap du KB si vous \u00eates indisponibles le 15. Nous aviserons en fonction du travail effectu\u00e9 lors de la premi\u00e8re session. A &hellip; <a href=\"https:\/\/pomme-d-amap.org\/index.php\/2022\/10\/10\/distribution-du-mardi-27-septembre-2022\/\" class=\"more-link\">Continuer la lecture de <span class=\"screen-reader-text\">Distribution du mardi 27 septembre 2022<\/span>  <span class=\"meta-nav\">&rarr;<\/span><\/a><\/p>\n","protected":false},"author":1,"featured_media":0,"comment_status":"closed","ping_status":"closed","sticky":false,"template":"","format":"standard","meta":{"footnotes":""},"categories":[11],"tags":[],"class_list":["post-1661","post","type-post","status-publish","format-standard","hentry","category-distributions"],"_links":{"self":[{"href":"https:\/\/pomme-d-amap.org\/index.php\/wp-json\/wp\/v2\/posts\/1661","targetHints":{"allow":["GET"]}}],"collection":[{"href":"https:\/\/pomme-d-amap.org\/index.php\/wp-json\/wp\/v2\/posts"}],"about":[{"href":"https:\/\/pomme-d-amap.org\/index.php\/wp-json\/wp\/v2\/types\/post"}],"author":[{"embeddable":true,"href":"https:\/\/pomme-d-amap.org\/index.php\/wp-json\/wp\/v2\/users\/1"}],"replies":[{"embeddable":true,"href":"https:\/\/pomme-d-amap.org\/index.php\/wp-json\/wp\/v2\/comments?post=1661"}],"version-history":[{"count":1,"href":"https:\/\/pomme-d-amap.org\/index.php\/wp-json\/wp\/v2\/posts\/1661\/revisions"}],"predecessor-version":[{"id":1662,"href":"https:\/\/pomme-d-amap.org\/index.php\/wp-json\/wp\/v2\/posts\/1661\/revisions\/1662"}],"wp:attachment":[{"href":"https:\/\/pomme-d-amap.org\/index.php\/wp-json\/wp\/v2\/media?parent=1661"}],"wp:term":[{"taxonomy":"category","embeddable":true,"href":"https:\/\/pomme-d-amap.org\/index.php\/wp-json\/wp\/v2\/categories?post=1661"},{"taxonomy":"post_tag","embeddable":true,"href":"https:\/\/pomme-d-amap.org\/index.php\/wp-json\/wp\/v2\/tags?post=1661"}],"curies":[{"name":"wp","href":"https:\/\/api.w.org\/{rel}","templated":true}]}}