{"id":1750,"date":"2023-01-14T11:35:23","date_gmt":"2023-01-14T10:35:23","guid":{"rendered":"http:\/\/pomme-d-amap.org\/?p=1750"},"modified":"2023-01-14T11:35:23","modified_gmt":"2023-01-14T10:35:23","slug":"distribution-du-10-janvier","status":"publish","type":"post","link":"https:\/\/pomme-d-amap.org\/index.php\/2023\/01\/14\/distribution-du-10-janvier\/","title":{"rendered":"Distribution du 10 janvier"},"content":{"rendered":"\n<p>Salut \u00e0 tous,<\/p>\n\n\n\n<p>Tout d&rsquo;abord, je vous souhaite une excellente ann\u00e9e ainsi qu&rsquo;\u00e0 vos proches, qu&rsquo;elle vous apporte s\u00e9r\u00e9nit\u00e9, bonheur et r\u00e9ussite!<\/p>\n\n\n\n<p>Apr\u00e8s cette coupure festive, on va vite revenir aux choses s\u00e9rieuses et je commence par un petit rappel : <strong>samedi, c&rsquo;est choucroute! <\/strong>Alors, pour ceux qui auraient eu l&rsquo;intention de venir et qui ne se seraient pas encore inscrits, voici le lien : <a href=\"https:\/\/framadate.org\/IaoYGTEQLq5imZvO\" target=\"_blank\" rel=\"noreferrer noopener\"><strong><u>CHOUCROUTE 2023<\/u><\/strong><\/a><\/p>\n\n\n\n<p>Je vous attends vers 10h \u00e0 la ferme&#8230;<\/p>\n\n\n\n<p>On se retrouve demain avec le premier panier de l&rsquo;ann\u00e9e qui devrait comporter:<\/p>\n\n\n\n<p>&#8211; Pommes de terre 1.5 kg<\/p>\n\n\n\n<p>&#8211; Carottes 1.2 kg<\/p>\n\n\n\n<p>&#8211; Choux rouge 1 ou 2 petits<\/p>\n\n\n\n<p>&#8211; Fenouil 2<\/p>\n\n\n\n<p>&#8211; Oignons jaunes 500 g<\/p>\n\n\n\n<p>&#8211; Mesclun (quantit\u00e9 selon r\u00e9colte)<\/p>\n\n\n\n<p>Voil\u00e0, bonne nuit et \u00e0 demain!<\/p>\n\n\n\n<p>Marc<\/p>\n","protected":false},"excerpt":{"rendered":"<p>Salut \u00e0 tous, Tout d&rsquo;abord, je vous souhaite une excellente ann\u00e9e ainsi qu&rsquo;\u00e0 vos proches, qu&rsquo;elle vous apporte s\u00e9r\u00e9nit\u00e9, bonheur et r\u00e9ussite! Apr\u00e8s cette coupure festive, on va vite revenir aux choses s\u00e9rieuses et je commence par un petit rappel : samedi, c&rsquo;est choucroute! Alors, pour ceux qui auraient eu l&rsquo;intention de venir et qui &hellip; <a href=\"https:\/\/pomme-d-amap.org\/index.php\/2023\/01\/14\/distribution-du-10-janvier\/\" class=\"more-link\">Continuer la lecture de <span class=\"screen-reader-text\">Distribution du 10 janvier<\/span>  <span class=\"meta-nav\">&rarr;<\/span><\/a><\/p>\n","protected":false},"author":1,"featured_media":0,"comment_status":"closed","ping_status":"closed","sticky":false,"template":"","format":"standard","meta":{"footnotes":""},"categories":[11],"tags":[],"class_list":["post-1750","post","type-post","status-publish","format-standard","hentry","category-distributions"],"_links":{"self":[{"href":"https:\/\/pomme-d-amap.org\/index.php\/wp-json\/wp\/v2\/posts\/1750","targetHints":{"allow":["GET"]}}],"collection":[{"href":"https:\/\/pomme-d-amap.org\/index.php\/wp-json\/wp\/v2\/posts"}],"about":[{"href":"https:\/\/pomme-d-amap.org\/index.php\/wp-json\/wp\/v2\/types\/post"}],"author":[{"embeddable":true,"href":"https:\/\/pomme-d-amap.org\/index.php\/wp-json\/wp\/v2\/users\/1"}],"replies":[{"embeddable":true,"href":"https:\/\/pomme-d-amap.org\/index.php\/wp-json\/wp\/v2\/comments?post=1750"}],"version-history":[{"count":1,"href":"https:\/\/pomme-d-amap.org\/index.php\/wp-json\/wp\/v2\/posts\/1750\/revisions"}],"predecessor-version":[{"id":1751,"href":"https:\/\/pomme-d-amap.org\/index.php\/wp-json\/wp\/v2\/posts\/1750\/revisions\/1751"}],"wp:attachment":[{"href":"https:\/\/pomme-d-amap.org\/index.php\/wp-json\/wp\/v2\/media?parent=1750"}],"wp:term":[{"taxonomy":"category","embeddable":true,"href":"https:\/\/pomme-d-amap.org\/index.php\/wp-json\/wp\/v2\/categories?post=1750"},{"taxonomy":"post_tag","embeddable":true,"href":"https:\/\/pomme-d-amap.org\/index.php\/wp-json\/wp\/v2\/tags?post=1750"}],"curies":[{"name":"wp","href":"https:\/\/api.w.org\/{rel}","templated":true}]}}